{"id":554,"date":"2017-10-24T19:51:56","date_gmt":"2017-10-24T17:51:56","guid":{"rendered":"http:\/\/fotogruppe-bredenbeck.de\/?p=554"},"modified":"2017-10-25T07:34:38","modified_gmt":"2017-10-25T05:34:38","slug":"nachlese-zum-fotoshooting-im-steinbruch-springe-am-15-oktober-2017","status":"publish","type":"post","link":"https:\/\/fotogruppe-bredenbeck.de\/?p=554","title":{"rendered":"Fotoshooting im Steinbruch Springe"},"content":{"rendered":"<h4>Eine Nachlese zum Ausflug vom 15. Okober 2017<\/h4>\n<p>Die Idee zu dieser Fotowanderung hatte unser Fotofreund Marc Mihatsch. Wie sich dann sp\u00e4ter herausstellte, war das ein blendender Einfall, der mit guten fotografischen Ergebnissen und bleibenden Eindr\u00fccken belohnt wurde. Am Sonntag um 14.30 Uhr bei warmen Sonnenschein startete die Fotogruppe von Bredenbeck aus mit dem Auto zum Steinbruch Springe am Ebersberg. Einen kleinen Umweg \u00fcber Eldagsen, den das Navi sich sehr w\u00fcnschte, nahmen wir in Kauf.<\/p>\n<p><!--more--><\/p>\n<p>Mit der nun doch schon tieferliegenden Herbstsonne wollten wir die gewaltigen Steinbruchformationen am Ebersberg mit ein paar guten Fotoaufnahmen einfangen.<\/p>\n<p>Der Fu\u00dfmarsch vom Parkplatz zum Steinbruch mit einer H\u00f6he von 340 m war mit unserer kompletten Fotoausr\u00fcstung schon eine kleine Herausforderung an unsere k\u00f6rperliche Leistungsf\u00e4higkeit, zumal wir gleich am Anfang einen sehr steilen Aufstieg zu bew\u00e4ltigen hatten. Aber schon nach der H\u00e4lfte der Strecke wurden wir durch den ersten Blick auf einen Teil des Steinbruchs belohnt.<\/p>\n<p>Oben in der H\u00f6he angekommen, \u00fcberraschte uns der weite Blick mit sehr guter Sicht \u00fcber die Stadt Springe. Auch Alvesrode, V\u00f6lksen und sogar ein Teil von Eldagsen waren erkennbar. Nach etwa 2,5 Stunden Fotoshooting machten wir uns wieder auf den R\u00fcckmarsch, um uns dann als Zwischenstop in Springe im Stra\u00dfencafe am Markt ein wenig mit Kuchen und Getr\u00e4nken zu erfrischen.<\/p>\n<div id='gallery-1' class='gallery galleryid-554 gallery-columns-2 gallery-size-medium'><figure class='gallery-item'>\n\t\t\t<div class='gallery-icon landscape'>\n\t\t\t\t<a href='https:\/\/fotogruppe-bredenbeck.de\/wp-content\/uploads\/2017\/10\/Steinbruch-Springe-4348-A.jpg'><img loading=\"lazy\" decoding=\"async\" width=\"300\" height=\"194\" src=\"https:\/\/fotogruppe-bredenbeck.de\/wp-content\/uploads\/2017\/10\/Steinbruch-Springe-4348-A-300x194.jpg\" class=\"attachment-medium size-medium\" alt=\"Steinbruch Springe von Dieter Grabitz\" aria-describedby=\"gallery-1-556\" srcset=\"https:\/\/fotogruppe-bredenbeck.de\/wp-content\/uploads\/2017\/10\/Steinbruch-Springe-4348-A-300x194.jpg 300w, https:\/\/fotogruppe-bredenbeck.de\/wp-content\/uploads\/2017\/10\/Steinbruch-Springe-4348-A-768x496.jpg 768w, https:\/\/fotogruppe-bredenbeck.de\/wp-content\/uploads\/2017\/10\/Steinbruch-Springe-4348-A-1024x662.jpg 1024w, https:\/\/fotogruppe-bredenbeck.de\/wp-content\/uploads\/2017\/10\/Steinbruch-Springe-4348-A-960x620.jpg 960w, https:\/\/fotogruppe-bredenbeck.de\/wp-content\/uploads\/2017\/10\/Steinbruch-Springe-4348-A.jpg 1900w\" sizes=\"auto, (max-width: 300px) 100vw, 300px\" \/><\/a>\n\t\t\t<\/div>\n\t\t\t\t<figcaption class='wp-caption-text gallery-caption' id='gallery-1-556'>\n\t\t\t\tDieter Grabitz &#8211; Steinbruch Springe \n\t\t\t\t<\/figcaption><\/figure><figure class='gallery-item'>\n\t\t\t<div class='gallery-icon landscape'>\n\t\t\t\t<a href='https:\/\/fotogruppe-bredenbeck.de\/wp-content\/uploads\/2017\/10\/Panorama-Steinbruch-3-a-A.jpg'><img loading=\"lazy\" decoding=\"async\" width=\"300\" height=\"151\" src=\"https:\/\/fotogruppe-bredenbeck.de\/wp-content\/uploads\/2017\/10\/Panorama-Steinbruch-3-a-A-300x151.jpg\" class=\"attachment-medium size-medium\" alt=\"Panorama Steinbruch von Dieter Grabitz\" aria-describedby=\"gallery-1-555\" srcset=\"https:\/\/fotogruppe-bredenbeck.de\/wp-content\/uploads\/2017\/10\/Panorama-Steinbruch-3-a-A-300x151.jpg 300w, https:\/\/fotogruppe-bredenbeck.de\/wp-content\/uploads\/2017\/10\/Panorama-Steinbruch-3-a-A-768x386.jpg 768w, https:\/\/fotogruppe-bredenbeck.de\/wp-content\/uploads\/2017\/10\/Panorama-Steinbruch-3-a-A-1024x515.jpg 1024w, https:\/\/fotogruppe-bredenbeck.de\/wp-content\/uploads\/2017\/10\/Panorama-Steinbruch-3-a-A-960x483.jpg 960w, https:\/\/fotogruppe-bredenbeck.de\/wp-content\/uploads\/2017\/10\/Panorama-Steinbruch-3-a-A.jpg 1869w\" sizes=\"auto, (max-width: 300px) 100vw, 300px\" \/><\/a>\n\t\t\t<\/div>\n\t\t\t\t<figcaption class='wp-caption-text gallery-caption' id='gallery-1-555'>\n\t\t\t\tDieter Grabitz &#8211; Panorama Steinbruch\n\t\t\t\t<\/figcaption><\/figure><figure class='gallery-item'>\n\t\t\t<div class='gallery-icon landscape'>\n\t\t\t\t<a href='https:\/\/fotogruppe-bredenbeck.de\/wp-content\/uploads\/2017\/10\/Steinbruch-Springe-4370-1-A.jpg'><img loading=\"lazy\" decoding=\"async\" width=\"300\" height=\"200\" src=\"https:\/\/fotogruppe-bredenbeck.de\/wp-content\/uploads\/2017\/10\/Steinbruch-Springe-4370-1-A-300x200.jpg\" class=\"attachment-medium size-medium\" alt=\"Steinbruch Springe von Dieter Grabitz\" aria-describedby=\"gallery-1-557\" srcset=\"https:\/\/fotogruppe-bredenbeck.de\/wp-content\/uploads\/2017\/10\/Steinbruch-Springe-4370-1-A-300x200.jpg 300w, https:\/\/fotogruppe-bredenbeck.de\/wp-content\/uploads\/2017\/10\/Steinbruch-Springe-4370-1-A-768x512.jpg 768w, https:\/\/fotogruppe-bredenbeck.de\/wp-content\/uploads\/2017\/10\/Steinbruch-Springe-4370-1-A-1024x683.jpg 1024w, https:\/\/fotogruppe-bredenbeck.de\/wp-content\/uploads\/2017\/10\/Steinbruch-Springe-4370-1-A-960x640.jpg 960w, https:\/\/fotogruppe-bredenbeck.de\/wp-content\/uploads\/2017\/10\/Steinbruch-Springe-4370-1-A.jpg 1900w\" sizes=\"auto, (max-width: 300px) 100vw, 300px\" \/><\/a>\n\t\t\t<\/div>\n\t\t\t\t<figcaption class='wp-caption-text gallery-caption' id='gallery-1-557'>\n\t\t\t\tDieter Grabitz &#8211; Steinbruch Springe\n\t\t\t\t<\/figcaption><\/figure><figure class='gallery-item'>\n\t\t\t<div class='gallery-icon landscape'>\n\t\t\t\t<a href='https:\/\/fotogruppe-bredenbeck.de\/wp-content\/uploads\/2017\/10\/Steinbruch-Springe-4381-A.jpg'><img loading=\"lazy\" decoding=\"async\" width=\"300\" height=\"200\" src=\"https:\/\/fotogruppe-bredenbeck.de\/wp-content\/uploads\/2017\/10\/Steinbruch-Springe-4381-A-300x200.jpg\" class=\"attachment-medium size-medium\" alt=\"Steinbruch Springe von Dieter Grabitz\" aria-describedby=\"gallery-1-558\" srcset=\"https:\/\/fotogruppe-bredenbeck.de\/wp-content\/uploads\/2017\/10\/Steinbruch-Springe-4381-A-300x200.jpg 300w, https:\/\/fotogruppe-bredenbeck.de\/wp-content\/uploads\/2017\/10\/Steinbruch-Springe-4381-A-768x512.jpg 768w, https:\/\/fotogruppe-bredenbeck.de\/wp-content\/uploads\/2017\/10\/Steinbruch-Springe-4381-A-1024x682.jpg 1024w, https:\/\/fotogruppe-bredenbeck.de\/wp-content\/uploads\/2017\/10\/Steinbruch-Springe-4381-A-960x640.jpg 960w, https:\/\/fotogruppe-bredenbeck.de\/wp-content\/uploads\/2017\/10\/Steinbruch-Springe-4381-A.jpg 2000w\" sizes=\"auto, (max-width: 300px) 100vw, 300px\" \/><\/a>\n\t\t\t<\/div>\n\t\t\t\t<figcaption class='wp-caption-text gallery-caption' id='gallery-1-558'>\n\t\t\t\tDieter Grabitz &#8211; Steinbruch Springe \n\t\t\t\t<\/figcaption><\/figure>\n\t\t<\/div>\n\n<p>Das Erlebte in diesem warmen, sonnigen Tag bleibt uns allen in bester Erinnerung, wobei uns die Steinbruch-Fotos unterst\u00fctzen.<\/p>\n","protected":false},"excerpt":{"rendered":"<p>Eine Nachlese zum Ausflug vom 15. Okober 2017 Die Idee zu dieser Fotowanderung hatte unser Fotofreund Marc Mihatsch. Wie sich dann sp\u00e4ter herausstellte, war das ein blendender Einfall, der mit guten fotografischen Ergebnissen und bleibenden Eindr\u00fccken belohnt wurde. Am Sonntag um 14.30 Uhr bei warmen Sonnenschein startete die Fotogruppe von Bredenbeck aus mit dem Auto <a href=\"https:\/\/fotogruppe-bredenbeck.de\/?p=554\" class=\"more-link\">...weiterlesen<span class=\"screen-reader-text\"> \"Fotoshooting im Steinbruch Springe\"<\/span><\/a><\/p>\n","protected":false},"author":7,"featured_media":559,"comment_status":"open","ping_status":"closed","sticky":false,"template":"","format":"standard","meta":{"advanced_seo_description":"","jetpack_seo_html_title":"","jetpack_seo_noindex":false,"jetpack_post_was_ever_published":false,"_jetpack_newsletter_access":"","_jetpack_dont_email_post_to_subs":false,"_jetpack_newsletter_tier_id":0,"_jetpack_memberships_contains_paywalled_content":false,"_jetpack_memberships_contains_paid_content":false,"footnotes":""},"categories":[17],"tags":[],"class_list":{"0":"post-554","1":"post","2":"type-post","3":"status-publish","4":"format-standard","5":"has-post-thumbnail","7":"category-fotoshooting","8":"h-entry","9":"hentry","10":"h-as-article"},"jetpack_featured_media_url":"https:\/\/fotogruppe-bredenbeck.de\/wp-content\/uploads\/2017\/10\/Steinbruch-Springe-Panorama-A.jpg","jetpack-related-posts":[{"id":513,"url":"https:\/\/fotogruppe-bredenbeck.de\/?p=513","url_meta":{"origin":554,"position":0},"title":"Infrarotfotografie","author":"Dieter Grabitz","date":"15. Oktober 2017","format":false,"excerpt":"Ich sehe was, was du nicht siehst! So k\u00f6nnte das Motto f\u00fcr Infrarotfotografen lauten. Infrarotfotografien zeigen uns die Welt in einem ganz anderen Licht. Man bewegt sich sozusagen auf unbekannten, unsichtbaren Wegen. Verwendung findet sie bei der Landschafts-, Nacht- und Astro-Fotografie (eines meiner Hobbies), bei der Weltraumforschung, der Polizei, dem\u2026","rel":"","context":"In &quot;Fotopraxis&quot;","block_context":{"text":"Fotopraxis","link":"https:\/\/fotogruppe-bredenbeck.de\/?cat=15"},"img":{"alt_text":"Steinbruch Springe Infrarot","src":"https:\/\/i0.wp.com\/fotogruppe-bredenbeck.de\/wp-content\/uploads\/2017\/10\/Steinbruch-Springe-219-Infrarot-B-300x225.jpg?resize=350%2C200&ssl=1","width":350,"height":200,"srcset":"https:\/\/i0.wp.com\/fotogruppe-bredenbeck.de\/wp-content\/uploads\/2017\/10\/Steinbruch-Springe-219-Infrarot-B-300x225.jpg?resize=350%2C200&ssl=1 1x, https:\/\/i0.wp.com\/fotogruppe-bredenbeck.de\/wp-content\/uploads\/2017\/10\/Steinbruch-Springe-219-Infrarot-B-300x225.jpg?resize=525%2C300&ssl=1 1.5x, https:\/\/i0.wp.com\/fotogruppe-bredenbeck.de\/wp-content\/uploads\/2017\/10\/Steinbruch-Springe-219-Infrarot-B-300x225.jpg?resize=700%2C400&ssl=1 2x, https:\/\/i0.wp.com\/fotogruppe-bredenbeck.de\/wp-content\/uploads\/2017\/10\/Steinbruch-Springe-219-Infrarot-B-300x225.jpg?resize=1050%2C600&ssl=1 3x"},"classes":[]},{"id":818,"url":"https:\/\/fotogruppe-bredenbeck.de\/?p=818","url_meta":{"origin":554,"position":1},"title":"Platsch, Kugel &#038; Co.","author":"Webmaster","date":"30. September 2018","format":false,"excerpt":"Spielereien mit Licht und Kamera Vom Freitag, 24. bis Sonntag, 26. August 2018 fand zum 2. Male ein Foto-Workshop in der Tagungsst\u00e4tte Lutherheim in Springe nahe Hannover statt. Unter der Schirmherrschaft des DVF Landesverbandes NORDMARK organisierte (wieder einmal) Hartmut Makus von der Fotogruppe BREDENBECK f\u00fcr 21 Teilnehmer aus dem gesamten\u2026","rel":"","context":"In &quot;Fotoshooting&quot;","block_context":{"text":"Fotoshooting","link":"https:\/\/fotogruppe-bredenbeck.de\/?cat=17"},"img":{"alt_text":"","src":"https:\/\/i0.wp.com\/fotogruppe-bredenbeck.de\/wp-content\/uploads\/2018\/09\/IMG_1384.r.jpg?resize=350%2C200&ssl=1","width":350,"height":200,"srcset":"https:\/\/i0.wp.com\/fotogruppe-bredenbeck.de\/wp-content\/uploads\/2018\/09\/IMG_1384.r.jpg?resize=350%2C200&ssl=1 1x, https:\/\/i0.wp.com\/fotogruppe-bredenbeck.de\/wp-content\/uploads\/2018\/09\/IMG_1384.r.jpg?resize=525%2C300&ssl=1 1.5x, https:\/\/i0.wp.com\/fotogruppe-bredenbeck.de\/wp-content\/uploads\/2018\/09\/IMG_1384.r.jpg?resize=700%2C400&ssl=1 2x, https:\/\/i0.wp.com\/fotogruppe-bredenbeck.de\/wp-content\/uploads\/2018\/09\/IMG_1384.r.jpg?resize=1050%2C600&ssl=1 3x, https:\/\/i0.wp.com\/fotogruppe-bredenbeck.de\/wp-content\/uploads\/2018\/09\/IMG_1384.r.jpg?resize=1400%2C800&ssl=1 4x"},"classes":[]},{"id":1695,"url":"https:\/\/fotogruppe-bredenbeck.de\/?p=1695","url_meta":{"origin":554,"position":2},"title":"Springer Workshop","author":"Hans-Peter Hornbostel","date":"17. November 2023","format":false,"excerpt":"Endlich nach Corona wieder! Springer Workshop Tage 11.8. bis 13.8. im Springer Lutherheim. Ein Team von 6 Vortragende konnte insgesamt 21 Fotografen begr\u00fc\u00dfen. Die Region Hannover war gut vertreten - aber auch aus Schleswig-Holstein, Berlin, Nordrhein-Westfalen und Ost-Niedersachsen kamen Fotofreunde zum Event. Themen: \"Wald mal anders\" (Monika Rauer), \"Da gl\u00fcht\u2026","rel":"","context":"In &quot;Workshop&quot;","block_context":{"text":"Workshop","link":"https:\/\/fotogruppe-bredenbeck.de\/?cat=35"},"img":{"alt_text":"","src":"","width":0,"height":0},"classes":[]},{"id":2403,"url":"https:\/\/fotogruppe-bredenbeck.de\/?p=2403","url_meta":{"origin":554,"position":3},"title":"Fotoschau Niedersachsen Ost 2026 voller Erfolg","author":"Hans-Peter Hornbostel","date":"13. April 2026","format":false,"excerpt":"46 G\u00e4ste wohnten der Pr\u00e4sentation der Annahmen, Urkunden und Medaillen am Sonntag, den 12.4.2026 im DGH bei. Der stellvertretende Bezirksleiter Dr. Timo Freudenberger (Fotogruppe Barsinghausen) er\u00f6ffnete die Veranstaltung und f\u00fchrte durch das Programm. Als Gast begr\u00fc\u00dfte er Michaela Pecat (Bezirksleiterin Schleswig-Holstein und stellvertretende Landesvorsitzende Nordmark) sowie den Landesvorsitzenden Nordmark Jobit\u2026","rel":"","context":"In &quot;auch wichtig&quot;","block_context":{"text":"auch wichtig","link":"https:\/\/fotogruppe-bredenbeck.de\/?cat=41"},"img":{"alt_text":"","src":"","width":0,"height":0},"classes":[]},{"id":573,"url":"https:\/\/fotogruppe-bredenbeck.de\/?p=573","url_meta":{"origin":554,"position":4},"title":"Bad Pyrmont leuchtet","author":"Hans-Peter Hornbostel","date":"29. Oktober 2017","format":false,"excerpt":"Noch bis zum 5.11.2017 Zusammen mit Uta, Hella und Marc sind wir am Freitag nach Bad Pyrmont aufgebrochen. Um 16:30 Uhr war es noch trocken, teilweise schien sogar die Sonne. Wir hatten das Gef\u00fchl, dass wir mit dem Wetter Gl\u00fcck haben w\u00fcrden - zumal Dieters Wetter-App eine geringe Regenwahrscheinlichkeit voraussagte.\u2026","rel":"","context":"In &quot;Fotoshooting&quot;","block_context":{"text":"Fotoshooting","link":"https:\/\/fotogruppe-bredenbeck.de\/?cat=17"},"img":{"alt_text":"S\u00e4ulengang","src":"https:\/\/i0.wp.com\/fotogruppe-bredenbeck.de\/wp-content\/uploads\/2017\/10\/S%C3%A4ulengang1.jpg?resize=350%2C200&ssl=1","width":350,"height":200,"srcset":"https:\/\/i0.wp.com\/fotogruppe-bredenbeck.de\/wp-content\/uploads\/2017\/10\/S%C3%A4ulengang1.jpg?resize=350%2C200&ssl=1 1x, https:\/\/i0.wp.com\/fotogruppe-bredenbeck.de\/wp-content\/uploads\/2017\/10\/S%C3%A4ulengang1.jpg?resize=525%2C300&ssl=1 1.5x, https:\/\/i0.wp.com\/fotogruppe-bredenbeck.de\/wp-content\/uploads\/2017\/10\/S%C3%A4ulengang1.jpg?resize=700%2C400&ssl=1 2x, https:\/\/i0.wp.com\/fotogruppe-bredenbeck.de\/wp-content\/uploads\/2017\/10\/S%C3%A4ulengang1.jpg?resize=1050%2C600&ssl=1 3x, https:\/\/i0.wp.com\/fotogruppe-bredenbeck.de\/wp-content\/uploads\/2017\/10\/S%C3%A4ulengang1.jpg?resize=1400%2C800&ssl=1 4x"},"classes":[]},{"id":994,"url":"https:\/\/fotogruppe-bredenbeck.de\/?p=994","url_meta":{"origin":554,"position":5},"title":"Fotografieren mit dem Telefon","author":"Stefan Eggers","date":"27. Januar 2020","format":false,"excerpt":"Seit ein paar Jahren habe ich meine Fotoausr\u00fcstung nicht mehr mit in den Urlaub genommen. Einerseits war wegen der F\u00fclle des sonstigen Gep\u00e4cks der Platz im Auto knapp. Andererseits schien der Ertrag an brauchbaren Fotos nicht in einem vern\u00fcnftigen Verh\u00e4ltnis zum dauernden Mitschleppen des Kamerarucksacks zu passen. OK, ich geb's\u2026","rel":"","context":"In &quot;Fotopraxis&quot;","block_context":{"text":"Fotopraxis","link":"https:\/\/fotogruppe-bredenbeck.de\/?cat=15"},"img":{"alt_text":"","src":"","width":0,"height":0},"classes":[]}],"jetpack_sharing_enabled":true,"_links":{"self":[{"href":"https:\/\/fotogruppe-bredenbeck.de\/index.php?rest_route=\/wp\/v2\/posts\/554","targetHints":{"allow":["GET"]}}],"collection":[{"href":"https:\/\/fotogruppe-bredenbeck.de\/index.php?rest_route=\/wp\/v2\/posts"}],"about":[{"href":"https:\/\/fotogruppe-bredenbeck.de\/index.php?rest_route=\/wp\/v2\/types\/post"}],"author":[{"embeddable":true,"href":"https:\/\/fotogruppe-bredenbeck.de\/index.php?rest_route=\/wp\/v2\/users\/7"}],"replies":[{"embeddable":true,"href":"https:\/\/fotogruppe-bredenbeck.de\/index.php?rest_route=%2Fwp%2Fv2%2Fcomments&post=554"}],"version-history":[{"count":0,"href":"https:\/\/fotogruppe-bredenbeck.de\/index.php?rest_route=\/wp\/v2\/posts\/554\/revisions"}],"wp:featuredmedia":[{"embeddable":true,"href":"https:\/\/fotogruppe-bredenbeck.de\/index.php?rest_route=\/wp\/v2\/media\/559"}],"wp:attachment":[{"href":"https:\/\/fotogruppe-bredenbeck.de\/index.php?rest_route=%2Fwp%2Fv2%2Fmedia&parent=554"}],"wp:term":[{"taxonomy":"category","embeddable":true,"href":"https:\/\/fotogruppe-bredenbeck.de\/index.php?rest_route=%2Fwp%2Fv2%2Fcategories&post=554"},{"taxonomy":"post_tag","embeddable":true,"href":"https:\/\/fotogruppe-bredenbeck.de\/index.php?rest_route=%2Fwp%2Fv2%2Ftags&post=554"}],"curies":[{"name":"wp","href":"https:\/\/api.w.org\/{rel}","templated":true}]}}