{"id":513,"date":"2017-10-15T12:52:34","date_gmt":"2017-10-15T10:52:34","guid":{"rendered":"http:\/\/fotogruppe-bredenbeck.de\/?p=513"},"modified":"2017-10-22T14:50:15","modified_gmt":"2017-10-22T12:50:15","slug":"infrarotfotografie","status":"publish","type":"post","link":"https:\/\/fotogruppe-bredenbeck.de\/?p=513","title":{"rendered":"Infrarotfotografie"},"content":{"rendered":"<h3>Ich sehe was, was du nicht siehst!<\/h3>\n<p>So k\u00f6nnte das Motto f\u00fcr Infrarotfotografen lauten. Infrarotfotografien zeigen uns die Welt in einem ganz anderen Licht. Man bewegt sich sozusagen auf unbekannten, unsichtbaren Wegen. Verwendung findet sie bei der Landschafts-, Nacht- und Astro-Fotografie (eines meiner Hobbies), bei der Weltraumforschung, der Polizei, dem Milit\u00e4r und anderen Sicherheitsdiensten, bei der Werkstoffpr\u00fcfung (Materialfehlererkennung) und um Bilderf\u00e4lschungen (es werden auch die untersten Farbschichten und das Tr\u00e4germaterial sichtbar) ausfindig zu machen.<br \/>\nAuf den ersten Blick sehen diese Bilder wie Winterbilder mit Raureif aus. Das Chlorophyll, ein gr\u00fcner Farbstoff der Bl\u00e4tter, reflektiert besonders gut das farblose und unsichtbare Infrarotlicht (bekannt als Woodeffekt). Infrarotbilder haben einen enormen Kontrastbereich, weil sie Verunreinigungen der Luft, Dunst und Luftflimmern herausfiltern.<br \/>\n<!--more--><br \/>\nDer Infrarotbereich liegt zwischen sichtbaren Licht und der Terahertz-Strahlung (300 GHz \u2013 400 THz). F\u00fcr die Fotografie ist nur das nahe Infrarot von Bedeutung, denn ein Bildsensor kann nur 0,7 \u2013 1,0 \u00b5m (700nm  \u2013 1000nm) aufnehmen. Das ist das Spektrum, das sich direkt an dem sichtbaren roten Bereich anschlie\u00dft. Erst die modifizierte Kamera gew\u00e4hrt uns den Einblick und \u00fcbersetzt diesen nach Bearbeitung ins Schwarzwei\u00dfe.<br \/>\n<figure id=\"attachment_539\" aria-describedby=\"caption-attachment-539\" style=\"width: 625px\" class=\"wp-caption aligncenter\"><a href=\"https:\/\/fotogruppe-bredenbeck.de\/wp-content\/uploads\/2017\/10\/Spektrum-Elektromagnetischer-Wellen-2-a.jpg\"><img loading=\"lazy\" decoding=\"async\" src=\"https:\/\/fotogruppe-bredenbeck.de\/wp-content\/uploads\/2017\/10\/Spektrum-Elektromagnetischer-Wellen-2-a-1024x785.jpg\" alt=\"Spektrum elektromagnetischer Wellen\" width=\"625\" height=\"479\" class=\"size-large wp-image-539\" srcset=\"https:\/\/fotogruppe-bredenbeck.de\/wp-content\/uploads\/2017\/10\/Spektrum-Elektromagnetischer-Wellen-2-a-1024x785.jpg 1024w, https:\/\/fotogruppe-bredenbeck.de\/wp-content\/uploads\/2017\/10\/Spektrum-Elektromagnetischer-Wellen-2-a-300x230.jpg 300w, https:\/\/fotogruppe-bredenbeck.de\/wp-content\/uploads\/2017\/10\/Spektrum-Elektromagnetischer-Wellen-2-a-768x589.jpg 768w, https:\/\/fotogruppe-bredenbeck.de\/wp-content\/uploads\/2017\/10\/Spektrum-Elektromagnetischer-Wellen-2-a-960x736.jpg 960w, https:\/\/fotogruppe-bredenbeck.de\/wp-content\/uploads\/2017\/10\/Spektrum-Elektromagnetischer-Wellen-2-a.jpg 1500w\" sizes=\"auto, (max-width: 625px) 100vw, 625px\" \/><\/a><figcaption id=\"caption-attachment-539\" class=\"wp-caption-text\">Spektrum elektromagnetischer Wellen<\/figcaption><\/figure><\/p>\n<h3>Infrarotfilter<\/h3>\n<p>Mit Hilfe eines Infrarotfilters vor dem Objektiv einer Kamera, der den sichtbaren Teil des Lichts blockiert und nur den infraroten Bereich durchl\u00e4sst, kann man Infrarotfotografie eingeschr\u00e4nkt erm\u00f6glichen. Warum eingeschr\u00e4nkt? Digitale Kameras haben in der Regel einen Infrarotsperrfilter (Teil des Tiefpassfilters) verbaut, weil die Farben ohne Filter verf\u00e4lscht dargestellt w\u00fcrden. Dieser Sperrfilter blockiert einen gro\u00dfen Teil des Infrarotspektrums, so dass sehr lange Belichtungszeiten erforderlich sind. Selbst bei guten Lichtverh\u00e4ltnissen sprechen wir hier bei Blende 5,6 und ISO 100 von 0,5 bis 5 Sekunden, also muss die Kamera auf das Stativ und das Motiv muss stillhalten!<\/p>\n<h4>Welche Filter sind empfehlenswert?<\/h4>\n<p>Standard IR-Filter sind der Hoja R 72 oder ein anderes Fabrikat mit 720 nm. Ich selbst benutze von der Fa. Neewer ein 5er-Set mit IR680, IR720, IR760, IR850, IR950nm. So entscheide ich, wieviel Anteile des sichtbaren Lichts zur Aufnahme dazu kommen darf. Infrarotfilter \u00fcber 720nm lassen kaum sichtbares Licht durch und produzieren mur Schwarz-Wei\u00df-Bilder. IR-Filter mit 645nm (Heliopan RG645) oder 680nm (Neewer IR 680) geben noch einen blauen Himmel wieder.<\/p>\n<h3>Fotografieren<\/h3>\n<p>Kamera mit Fernbedienung auf Stativ, Bildformat immer RAW, manueller Modus, ISO 100, Blende 4 bis 5,6, manuell fokussieren, dann erst den Filter aufschrauben (man sieht danach nicht mehr viel), nun eine Belichtungsreihe aufnehmen und auswerten.<\/p>\n<h3>Lichtverh\u00e4ltnisse<\/h3>\n<p>Die besten Fotos gelingen bei direktem Sonnenlicht von der Seite oder von hinten. Gegenlichtaufnahmen vermeiden, sie wirken kontrastlos und sind eine starke Gefahr f\u00fcr das Auge, wenn durch den Kamerasucher geblickt wird. Die beste Zeit einer Aufnahme ist, wenn die B\u00e4ume noch Bl\u00e4tter tragen (Chlorophyll - gr\u00fcne Bl\u00e4tter werden wei\u00df).<br \/>\n<div id='gallery-1' class='gallery galleryid-513 gallery-columns-2 gallery-size-medium'><figure class='gallery-item'>\n\t\t\t<div class='gallery-icon landscape'>\n\t\t\t\t<a href='https:\/\/fotogruppe-bredenbeck.de\/wp-content\/uploads\/2017\/10\/Steinbruch-Springe-219-Infrarot-B.jpg'><img loading=\"lazy\" decoding=\"async\" width=\"300\" height=\"225\" src=\"https:\/\/fotogruppe-bredenbeck.de\/wp-content\/uploads\/2017\/10\/Steinbruch-Springe-219-Infrarot-B-300x225.jpg\" class=\"attachment-medium size-medium\" alt=\"Steinbruch Springe Infrarot\" aria-describedby=\"gallery-1-534\" srcset=\"https:\/\/fotogruppe-bredenbeck.de\/wp-content\/uploads\/2017\/10\/Steinbruch-Springe-219-Infrarot-B-300x225.jpg 300w, https:\/\/fotogruppe-bredenbeck.de\/wp-content\/uploads\/2017\/10\/Steinbruch-Springe-219-Infrarot-B-768x576.jpg 768w, https:\/\/fotogruppe-bredenbeck.de\/wp-content\/uploads\/2017\/10\/Steinbruch-Springe-219-Infrarot-B-1024x768.jpg 1024w, https:\/\/fotogruppe-bredenbeck.de\/wp-content\/uploads\/2017\/10\/Steinbruch-Springe-219-Infrarot-B-960x720.jpg 960w, https:\/\/fotogruppe-bredenbeck.de\/wp-content\/uploads\/2017\/10\/Steinbruch-Springe-219-Infrarot-B.jpg 1264w\" sizes=\"auto, (max-width: 300px) 100vw, 300px\" \/><\/a>\n\t\t\t<\/div>\n\t\t\t\t<figcaption class='wp-caption-text gallery-caption' id='gallery-1-534'>\n\t\t\t\tSteinbruch Springe Infrarot\n\t\t\t\t<\/figcaption><\/figure><figure class='gallery-item'>\n\t\t\t<div class='gallery-icon landscape'>\n\t\t\t\t<a href='https:\/\/fotogruppe-bredenbeck.de\/wp-content\/uploads\/2017\/10\/2-IR-720-nm-ohne-Sperrfilter-A.jpg'><img loading=\"lazy\" decoding=\"async\" width=\"300\" height=\"213\" src=\"https:\/\/fotogruppe-bredenbeck.de\/wp-content\/uploads\/2017\/10\/2-IR-720-nm-ohne-Sperrfilter-A-300x213.jpg\" class=\"attachment-medium size-medium\" alt=\"\" aria-describedby=\"gallery-1-528\" srcset=\"https:\/\/fotogruppe-bredenbeck.de\/wp-content\/uploads\/2017\/10\/2-IR-720-nm-ohne-Sperrfilter-A-300x213.jpg 300w, https:\/\/fotogruppe-bredenbeck.de\/wp-content\/uploads\/2017\/10\/2-IR-720-nm-ohne-Sperrfilter-A-768x545.jpg 768w, https:\/\/fotogruppe-bredenbeck.de\/wp-content\/uploads\/2017\/10\/2-IR-720-nm-ohne-Sperrfilter-A-1024x726.jpg 1024w, https:\/\/fotogruppe-bredenbeck.de\/wp-content\/uploads\/2017\/10\/2-IR-720-nm-ohne-Sperrfilter-A-960x681.jpg 960w\" sizes=\"auto, (max-width: 300px) 100vw, 300px\" \/><\/a>\n\t\t\t<\/div>\n\t\t\t\t<figcaption class='wp-caption-text gallery-caption' id='gallery-1-528'>\n\t\t\t\tIR 720nm ohne Sperrfilter\n\t\t\t\t<\/figcaption><\/figure><figure class='gallery-item'>\n\t\t\t<div class='gallery-icon landscape'>\n\t\t\t\t<a href='https:\/\/fotogruppe-bredenbeck.de\/wp-content\/uploads\/2017\/10\/Greifswalder-Bodden-Infrarot-A.jpg'><img loading=\"lazy\" decoding=\"async\" width=\"300\" height=\"225\" src=\"https:\/\/fotogruppe-bredenbeck.de\/wp-content\/uploads\/2017\/10\/Greifswalder-Bodden-Infrarot-A-300x225.jpg\" class=\"attachment-medium size-medium\" alt=\"Greifswalder Bodden Infrarot\" aria-describedby=\"gallery-1-527\" srcset=\"https:\/\/fotogruppe-bredenbeck.de\/wp-content\/uploads\/2017\/10\/Greifswalder-Bodden-Infrarot-A-300x225.jpg 300w, https:\/\/fotogruppe-bredenbeck.de\/wp-content\/uploads\/2017\/10\/Greifswalder-Bodden-Infrarot-A-768x576.jpg 768w, https:\/\/fotogruppe-bredenbeck.de\/wp-content\/uploads\/2017\/10\/Greifswalder-Bodden-Infrarot-A-1024x768.jpg 1024w, https:\/\/fotogruppe-bredenbeck.de\/wp-content\/uploads\/2017\/10\/Greifswalder-Bodden-Infrarot-A-960x720.jpg 960w\" sizes=\"auto, (max-width: 300px) 100vw, 300px\" \/><\/a>\n\t\t\t<\/div>\n\t\t\t\t<figcaption class='wp-caption-text gallery-caption' id='gallery-1-527'>\n\t\t\t\tGreifswalder Bodden InfrarotInfrarotfotografie\n\t\t\t\t<\/figcaption><\/figure><figure class='gallery-item'>\n\t\t\t<div class='gallery-icon landscape'>\n\t\t\t\t<a href='https:\/\/fotogruppe-bredenbeck.de\/wp-content\/uploads\/2017\/10\/Farn-Infrarot-A.jpg'><img loading=\"lazy\" decoding=\"async\" width=\"300\" height=\"213\" src=\"https:\/\/fotogruppe-bredenbeck.de\/wp-content\/uploads\/2017\/10\/Farn-Infrarot-A-300x213.jpg\" class=\"attachment-medium size-medium\" alt=\"\" aria-describedby=\"gallery-1-526\" srcset=\"https:\/\/fotogruppe-bredenbeck.de\/wp-content\/uploads\/2017\/10\/Farn-Infrarot-A-300x213.jpg 300w, https:\/\/fotogruppe-bredenbeck.de\/wp-content\/uploads\/2017\/10\/Farn-Infrarot-A-768x546.jpg 768w, https:\/\/fotogruppe-bredenbeck.de\/wp-content\/uploads\/2017\/10\/Farn-Infrarot-A-1024x728.jpg 1024w, https:\/\/fotogruppe-bredenbeck.de\/wp-content\/uploads\/2017\/10\/Farn-Infrarot-A-960x683.jpg 960w, https:\/\/fotogruppe-bredenbeck.de\/wp-content\/uploads\/2017\/10\/Farn-Infrarot-A.jpg 2000w\" sizes=\"auto, (max-width: 300px) 100vw, 300px\" \/><\/a>\n\t\t\t<\/div>\n\t\t\t\t<figcaption class='wp-caption-text gallery-caption' id='gallery-1-526'>\n\t\t\t\tFarn Infrarot\n\t\t\t\t<\/figcaption><\/figure><figure class='gallery-item'>\n\t\t\t<div class='gallery-icon landscape'>\n\t\t\t\t<a href='https:\/\/fotogruppe-bredenbeck.de\/wp-content\/uploads\/2017\/10\/Calenberger-Land-Infrarot.jpg'><img loading=\"lazy\" decoding=\"async\" width=\"300\" height=\"225\" src=\"https:\/\/fotogruppe-bredenbeck.de\/wp-content\/uploads\/2017\/10\/Calenberger-Land-Infrarot-300x225.jpg\" class=\"attachment-medium size-medium\" alt=\"\" aria-describedby=\"gallery-1-543\" srcset=\"https:\/\/fotogruppe-bredenbeck.de\/wp-content\/uploads\/2017\/10\/Calenberger-Land-Infrarot-300x225.jpg 300w, https:\/\/fotogruppe-bredenbeck.de\/wp-content\/uploads\/2017\/10\/Calenberger-Land-Infrarot-768x576.jpg 768w, https:\/\/fotogruppe-bredenbeck.de\/wp-content\/uploads\/2017\/10\/Calenberger-Land-Infrarot-1024x768.jpg 1024w, https:\/\/fotogruppe-bredenbeck.de\/wp-content\/uploads\/2017\/10\/Calenberger-Land-Infrarot-960x720.jpg 960w\" sizes=\"auto, (max-width: 300px) 100vw, 300px\" \/><\/a>\n\t\t\t<\/div>\n\t\t\t\t<figcaption class='wp-caption-text gallery-caption' id='gallery-1-543'>\n\t\t\t\tCalenberger Land\r\n&#8211; Allerbach\/Schleifbach &#8211;\r\n im Oktober 2017\r\n\r\nSony Cybershot DSC-F828\r\nInfrarotfilter Neewer IR680nm\r\nKameraeinstellung:\r\nRAW \r\n3264 x 2448 Pixel\r\n1\/200 Sek.\r\nf 4\r\nISO 64\r\n15 mm\n\t\t\t\t<\/figcaption><\/figure>\n\t\t<\/div>\n<\/p>\n<h3>Infrarot-Fotografie mit Eingriff in die Kameratechnik<\/h3>\n<p>Um lange Belichtungszeiten f\u00fcr eine Infrarot-Aufnahme zu vermeiden, muss der Tiefpassfilter (IR-Sperrfilter) vor dem Sensor der Kamera entfernt werden und gegen einen IR-durchl\u00e4ssigen Filter ausgetauscht werden. F\u00fcr die Astrofotografie ist dieser Eingriff eine Notwendigkeit, um z. B. galaktische Nebel und Galaxien im richtigen Farbspektrum aufzunehmen. F\u00fcr den professionellen Eingriff\/Umbau in die Kameratechnik gibt es einige Anbieter, Kosten 200 bis 400 Euro. Der Umbau hat den Nachteil, dass die Kamera anschlie\u00dfend nur noch f\u00fcr die Infrarotfotografie und Falschfarben-Fotografie geeignet ist. <\/p>\n<h3>Infrarot-Fotografie ohne Eingriff in die Kameratechnik<\/h3>\n<p>Bei der Sony DSC F828 ist zwar ein IR-Filter verbaut, dieser klappt jedoch im Nightshot-Modus (Nachtfotografie) weg. Damit aber nicht durch die Kleidung von Personen fotografiert werden kann, ist die Einstellung auf F 2,0 und 1\/30 Sek. begrenzt, so dass bei Tageslicht f\u00fcr eine \u00dcberbelichtung gesorgt ist. Diese Einschr\u00e4nkung kann aber durch das Anlegen eines Neodym-Magneten von au\u00dfen, der den Impuls des internen Magnetschalters imitiert, umgangen werden.<\/p>\n<h3>Nachbearbeitung der RAW-Datei am PC (Photoshop)<\/h3>\n<ol>\n<li>Wei\u00dfabgleich -  Das RAW-Bild in CameraRaw einladen >  Farbton auf \u2013 150  >  in DNG speichern  >  Photoshop beenden  >  Ein neues Kameraprofil erstellen >  dazu Adobe DNG Profile Editor aufrufen (vorher den Editor installieren)  >  unter Color Matrices > Wei\u00dfbalance > Temprature auf ca. 50, Tint (Farbton) auf ca. -25 >Export Profile > Namen eingeben > Exportieren > Editor verlassen >  mit Photoshop das RAW-Bild wieder aufrufen > Camera Raw > Kalibrierung > Profile > das neue Profil anklicken (das Bild wird evetuell stark  gr\u00fcn) > danach oben die Pipette f\u00fcr den Wei\u00dfabgleich aktivieren und im Bild auf eine ehemals gr\u00fcne Fl\u00e4che klicken  > Kontrast, Tiefen, Klarheit, Dynamik anheben > unten anklicken Bild \u00f6ffnen.<\/li>\n<li> Kanaltausch Rot und Blau  -  F\u00fcr einen blauen Himmel werden Rotkanal und Blaukanal getauscht, dazu auf Neue Einstellungsebene klicken > Kanalmixer (oder direkt auf Kanalmixer gehen) > Rotkanal aufrufen > Rot auf 0 und Blau auf 100 > Blaukanal w\u00e4hlen > Blau auf 0 und Rot auf 100 einstellen.<\/li>\n<li>Restfarben entfernen - \u00dcber eine weitere Einstellungsebene Farbton\/S\u00e4ttigung werden alle Farbkan\u00e4le au\u00dfer Blauin der S\u00e4ttigung auf 0 gesetzt > Blau-S\u00e4ttigung kann etwas verst\u00e4rkt und der Farbton angeglichen werden.<\/li>\n<li>Kontrast mit Gradationskurven erh\u00f6hen - Die gerade Linie in eine leichte S-Kurve bringen<\/li>\n<li>Mit der Einstellungsebene Tonwertkorrektur wird zuletzt noch die korrekte Belichtung \u00fcberpr\u00fcft.<\/li>\n<\/ol>\n","protected":false},"excerpt":{"rendered":"<p>Ich sehe was, was du nicht siehst! So k\u00f6nnte das Motto f\u00fcr Infrarotfotografen lauten. Infrarotfotografien zeigen uns die Welt in einem ganz anderen Licht. Man bewegt sich sozusagen auf unbekannten, unsichtbaren Wegen. Verwendung findet sie bei der Landschafts-, Nacht- und Astro-Fotografie (eines meiner Hobbies), bei der Weltraumforschung, der Polizei, dem Milit\u00e4r und anderen Sicherheitsdiensten, bei <a href=\"https:\/\/fotogruppe-bredenbeck.de\/?p=513\" class=\"more-link\">...weiterlesen<span class=\"screen-reader-text\"> \"Infrarotfotografie\"<\/span><\/a><\/p>\n","protected":false},"author":7,"featured_media":0,"comment_status":"open","ping_status":"closed","sticky":false,"template":"","format":"standard","meta":{"advanced_seo_description":"","jetpack_seo_html_title":"","jetpack_seo_noindex":false,"jetpack_post_was_ever_published":false,"_jetpack_newsletter_access":"","_jetpack_dont_email_post_to_subs":false,"_jetpack_newsletter_tier_id":0,"_jetpack_memberships_contains_paywalled_content":false,"_jetpack_memberships_contains_paid_content":false,"footnotes":""},"categories":[15,9],"tags":[16,13],"class_list":{"0":"post-513","1":"post","2":"type-post","3":"status-publish","4":"format-standard","6":"category-fotopraxis","7":"category-technik","8":"tag-infrarot","9":"tag-kamera","10":"h-entry","11":"hentry","12":"h-as-article"},"jetpack_featured_media_url":"","jetpack-related-posts":[{"id":582,"url":"https:\/\/fotogruppe-bredenbeck.de\/?p=582","url_meta":{"origin":513,"position":0},"title":"Makrofotografie &#8211; Technik &#038; Tipps","author":"Dieter Grabitz","date":"15. November 2017","format":false,"excerpt":"Die Makrofotografie kann ungeahnte Einblicke er\u00f6ffnen, mit blo\u00dfem Auge nicht erkennbare Details auf den Sensor bannen. Spektakul\u00e4re Naturaufnahmen sind unter Einsatz von Lichtschranken und Blitzanlagen m\u00f6glich. Zun\u00e4chst ist es aber wichtig zu wissen, welche Hilfsmittel es gibt und welche grundlegenden Dinge zu beachten sind. Genau daf\u00fcr ist dieser Beitrag gedacht.\u2026","rel":"","context":"In &quot;Fotopraxis&quot;","block_context":{"text":"Fotopraxis","link":"https:\/\/fotogruppe-bredenbeck.de\/?cat=15"},"img":{"alt_text":"Pusteblume - Canon EOS 400, Sigma 50mm 2.8 DG MACRO, Blende 16, ISO 100, manuell fokussiert, Mehrfeldmessung","src":"https:\/\/i0.wp.com\/fotogruppe-bredenbeck.de\/wp-content\/uploads\/2017\/10\/Pusteblume.jpg?resize=350%2C200&ssl=1","width":350,"height":200,"srcset":"https:\/\/i0.wp.com\/fotogruppe-bredenbeck.de\/wp-content\/uploads\/2017\/10\/Pusteblume.jpg?resize=350%2C200&ssl=1 1x, https:\/\/i0.wp.com\/fotogruppe-bredenbeck.de\/wp-content\/uploads\/2017\/10\/Pusteblume.jpg?resize=525%2C300&ssl=1 1.5x, https:\/\/i0.wp.com\/fotogruppe-bredenbeck.de\/wp-content\/uploads\/2017\/10\/Pusteblume.jpg?resize=700%2C400&ssl=1 2x, https:\/\/i0.wp.com\/fotogruppe-bredenbeck.de\/wp-content\/uploads\/2017\/10\/Pusteblume.jpg?resize=1050%2C600&ssl=1 3x, https:\/\/i0.wp.com\/fotogruppe-bredenbeck.de\/wp-content\/uploads\/2017\/10\/Pusteblume.jpg?resize=1400%2C800&ssl=1 4x"},"classes":[]},{"id":459,"url":"https:\/\/fotogruppe-bredenbeck.de\/?p=459","url_meta":{"origin":513,"position":1},"title":"Fotografie im Dunkelfeld (Dunkelfeldbeleuchtung)","author":"Dieter Grabitz","date":"18. September 2017","format":false,"excerpt":"Bewegte Fl\u00fcssigkeiten werden scharf abgebildet, Glas wird klar gezeichnet. Anwendung z.B. Platsch- und Schwapp-Aufnahmen Anwendung finden diese Aufnahmen im Dunkelfeld mit schattenfreier Ausleuchtung in der Produktfotografie f\u00fcr Werbezwecke. F\u00fcr kleinere Objekte wird die Tabletop-Fotografie (Tischfotografie) benutzt. Die Anleitung erkl\u00e4rt einen Splash (Platsch-Aufnahme) mit der Dunkelfeldbeleuchtung. In diesem Beispiel f\u00e4llt eine\u2026","rel":"","context":"In &quot;Fotopraxis&quot;","block_context":{"text":"Fotopraxis","link":"https:\/\/fotogruppe-bredenbeck.de\/?cat=15"},"img":{"alt_text":"Platsch mit Olive von Dieter Grabitz","src":"https:\/\/i0.wp.com\/fotogruppe-bredenbeck.de\/wp-content\/uploads\/2017\/09\/Platsch-mit-Olive-200x300.jpg?resize=350%2C200","width":350,"height":200},"classes":[]},{"id":836,"url":"https:\/\/fotogruppe-bredenbeck.de\/?p=836","url_meta":{"origin":513,"position":2},"title":"Sternstrichspuren (Star Trails)","author":"Dieter Grabitz","date":"4. November 2018","format":false,"excerpt":"Alles dreht sich um den Polarstern, jedenfalls bei dieser Star-Trails-Aufnahme. Der ambitionierte Fotograf sollte deshalb in der Lage sein, die Position zu bestimmen und bei der Suche nach einer geeigneten Location zu ber\u00fccksichtigen. Daneben gibt es einige weitere Punkte zu bedenken. Insbesondere, dass es leicht 4 bis 5 Stunden dauern\u2026","rel":"","context":"In &quot;Fotopraxis&quot;","block_context":{"text":"Fotopraxis","link":"https:\/\/fotogruppe-bredenbeck.de\/?cat=15"},"img":{"alt_text":"","src":"https:\/\/i0.wp.com\/fotogruppe-bredenbeck.de\/wp-content\/uploads\/2018\/11\/Sternenstrichspuren-bei-Polle-1-A.jpg?resize=350%2C200&ssl=1","width":350,"height":200,"srcset":"https:\/\/i0.wp.com\/fotogruppe-bredenbeck.de\/wp-content\/uploads\/2018\/11\/Sternenstrichspuren-bei-Polle-1-A.jpg?resize=350%2C200&ssl=1 1x, https:\/\/i0.wp.com\/fotogruppe-bredenbeck.de\/wp-content\/uploads\/2018\/11\/Sternenstrichspuren-bei-Polle-1-A.jpg?resize=525%2C300&ssl=1 1.5x, https:\/\/i0.wp.com\/fotogruppe-bredenbeck.de\/wp-content\/uploads\/2018\/11\/Sternenstrichspuren-bei-Polle-1-A.jpg?resize=700%2C400&ssl=1 2x, https:\/\/i0.wp.com\/fotogruppe-bredenbeck.de\/wp-content\/uploads\/2018\/11\/Sternenstrichspuren-bei-Polle-1-A.jpg?resize=1050%2C600&ssl=1 3x, https:\/\/i0.wp.com\/fotogruppe-bredenbeck.de\/wp-content\/uploads\/2018\/11\/Sternenstrichspuren-bei-Polle-1-A.jpg?resize=1400%2C800&ssl=1 4x"},"classes":[]},{"id":801,"url":"https:\/\/fotogruppe-bredenbeck.de\/?p=801","url_meta":{"origin":513,"position":3},"title":"Nachtfotografie","author":"Dieter Grabitz","date":"18. September 2018","format":false,"excerpt":"Das Betrachten des Nachthimmels ist in unseren Breiten meistens nicht sehr spektakul\u00e4r. Dem blo\u00dfen Auge bleibt aus verschiedenen Gr\u00fcnden so manch Interessantes verborgen. Mit Hilfe der Fotografie k\u00f6nnen jedoch ungeahnte Einzelheiten ans Tageslicht ;-) geholt werden. Zun\u00e4chst gilt es, eine passende Location zu finden. Meine Aufnahme entstand in L\u00fcbben\/Spreewald. Die\u2026","rel":"","context":"In &quot;Fotopraxis&quot;","block_context":{"text":"Fotopraxis","link":"https:\/\/fotogruppe-bredenbeck.de\/?cat=15"},"img":{"alt_text":"","src":"https:\/\/i0.wp.com\/fotogruppe-bredenbeck.de\/wp-content\/uploads\/2018\/09\/Astrofotografie-Milchstra%C3%9Fe-mit-Sommerdreieck.jpg?resize=350%2C200&ssl=1","width":350,"height":200,"srcset":"https:\/\/i0.wp.com\/fotogruppe-bredenbeck.de\/wp-content\/uploads\/2018\/09\/Astrofotografie-Milchstra%C3%9Fe-mit-Sommerdreieck.jpg?resize=350%2C200&ssl=1 1x, https:\/\/i0.wp.com\/fotogruppe-bredenbeck.de\/wp-content\/uploads\/2018\/09\/Astrofotografie-Milchstra%C3%9Fe-mit-Sommerdreieck.jpg?resize=525%2C300&ssl=1 1.5x, https:\/\/i0.wp.com\/fotogruppe-bredenbeck.de\/wp-content\/uploads\/2018\/09\/Astrofotografie-Milchstra%C3%9Fe-mit-Sommerdreieck.jpg?resize=700%2C400&ssl=1 2x, https:\/\/i0.wp.com\/fotogruppe-bredenbeck.de\/wp-content\/uploads\/2018\/09\/Astrofotografie-Milchstra%C3%9Fe-mit-Sommerdreieck.jpg?resize=1050%2C600&ssl=1 3x, https:\/\/i0.wp.com\/fotogruppe-bredenbeck.de\/wp-content\/uploads\/2018\/09\/Astrofotografie-Milchstra%C3%9Fe-mit-Sommerdreieck.jpg?resize=1400%2C800&ssl=1 4x"},"classes":[]},{"id":624,"url":"https:\/\/fotogruppe-bredenbeck.de\/?p=624","url_meta":{"origin":513,"position":4},"title":"Focus Stacking in der Nah- und Makrofotografie","author":"Dieter Grabitz","date":"15. Dezember 2017","format":false,"excerpt":"\u00c4hnlich einer Belichtungsreihe f\u00fcr ein HDR-Foto, ist eine Reihe von Bildern erforderlich, um die bei der Makrofotografie bestehenden Einschr\u00e4nlungen zu umgehen. W\u00e4hrend bei HDR-Fotos verschiedene Blendeneinestellungen vorgenommen werden m\u00fcssen, ist bei Focus Stacking die fortlaufende \u00fcberlappende Fokussierung bei sonst unver\u00e4nderten Einstellungen erforderlich. Bei der anschlie\u00dfende Montage dieser Bilder mit geeigneter\u2026","rel":"","context":"In &quot;Fotopraxis&quot;","block_context":{"text":"Fotopraxis","link":"https:\/\/fotogruppe-bredenbeck.de\/?cat=15"},"img":{"alt_text":"Ges\u00e4ter Tintling","src":"https:\/\/i0.wp.com\/fotogruppe-bredenbeck.de\/wp-content\/uploads\/2017\/12\/Ges%C3%A4ter-Tintling-13B-breit-A.jpg?resize=350%2C200&ssl=1","width":350,"height":200,"srcset":"https:\/\/i0.wp.com\/fotogruppe-bredenbeck.de\/wp-content\/uploads\/2017\/12\/Ges%C3%A4ter-Tintling-13B-breit-A.jpg?resize=350%2C200&ssl=1 1x, https:\/\/i0.wp.com\/fotogruppe-bredenbeck.de\/wp-content\/uploads\/2017\/12\/Ges%C3%A4ter-Tintling-13B-breit-A.jpg?resize=525%2C300&ssl=1 1.5x, https:\/\/i0.wp.com\/fotogruppe-bredenbeck.de\/wp-content\/uploads\/2017\/12\/Ges%C3%A4ter-Tintling-13B-breit-A.jpg?resize=700%2C400&ssl=1 2x, https:\/\/i0.wp.com\/fotogruppe-bredenbeck.de\/wp-content\/uploads\/2017\/12\/Ges%C3%A4ter-Tintling-13B-breit-A.jpg?resize=1050%2C600&ssl=1 3x, https:\/\/i0.wp.com\/fotogruppe-bredenbeck.de\/wp-content\/uploads\/2017\/12\/Ges%C3%A4ter-Tintling-13B-breit-A.jpg?resize=1400%2C800&ssl=1 4x"},"classes":[]},{"id":818,"url":"https:\/\/fotogruppe-bredenbeck.de\/?p=818","url_meta":{"origin":513,"position":5},"title":"Platsch, Kugel &#038; Co.","author":"Webmaster","date":"30. September 2018","format":false,"excerpt":"Spielereien mit Licht und Kamera Vom Freitag, 24. bis Sonntag, 26. August 2018 fand zum 2. Male ein Foto-Workshop in der Tagungsst\u00e4tte Lutherheim in Springe nahe Hannover statt. Unter der Schirmherrschaft des DVF Landesverbandes NORDMARK organisierte (wieder einmal) Hartmut Makus von der Fotogruppe BREDENBECK f\u00fcr 21 Teilnehmer aus dem gesamten\u2026","rel":"","context":"In &quot;Fotoshooting&quot;","block_context":{"text":"Fotoshooting","link":"https:\/\/fotogruppe-bredenbeck.de\/?cat=17"},"img":{"alt_text":"","src":"https:\/\/i0.wp.com\/fotogruppe-bredenbeck.de\/wp-content\/uploads\/2018\/09\/IMG_1384.r.jpg?resize=350%2C200&ssl=1","width":350,"height":200,"srcset":"https:\/\/i0.wp.com\/fotogruppe-bredenbeck.de\/wp-content\/uploads\/2018\/09\/IMG_1384.r.jpg?resize=350%2C200&ssl=1 1x, https:\/\/i0.wp.com\/fotogruppe-bredenbeck.de\/wp-content\/uploads\/2018\/09\/IMG_1384.r.jpg?resize=525%2C300&ssl=1 1.5x, https:\/\/i0.wp.com\/fotogruppe-bredenbeck.de\/wp-content\/uploads\/2018\/09\/IMG_1384.r.jpg?resize=700%2C400&ssl=1 2x, https:\/\/i0.wp.com\/fotogruppe-bredenbeck.de\/wp-content\/uploads\/2018\/09\/IMG_1384.r.jpg?resize=1050%2C600&ssl=1 3x, https:\/\/i0.wp.com\/fotogruppe-bredenbeck.de\/wp-content\/uploads\/2018\/09\/IMG_1384.r.jpg?resize=1400%2C800&ssl=1 4x"},"classes":[]}],"jetpack_sharing_enabled":true,"_links":{"self":[{"href":"https:\/\/fotogruppe-bredenbeck.de\/index.php?rest_route=\/wp\/v2\/posts\/513","targetHints":{"allow":["GET"]}}],"collection":[{"href":"https:\/\/fotogruppe-bredenbeck.de\/index.php?rest_route=\/wp\/v2\/posts"}],"about":[{"href":"https:\/\/fotogruppe-bredenbeck.de\/index.php?rest_route=\/wp\/v2\/types\/post"}],"author":[{"embeddable":true,"href":"https:\/\/fotogruppe-bredenbeck.de\/index.php?rest_route=\/wp\/v2\/users\/7"}],"replies":[{"embeddable":true,"href":"https:\/\/fotogruppe-bredenbeck.de\/index.php?rest_route=%2Fwp%2Fv2%2Fcomments&post=513"}],"version-history":[{"count":0,"href":"https:\/\/fotogruppe-bredenbeck.de\/index.php?rest_route=\/wp\/v2\/posts\/513\/revisions"}],"wp:attachment":[{"href":"https:\/\/fotogruppe-bredenbeck.de\/index.php?rest_route=%2Fwp%2Fv2%2Fmedia&parent=513"}],"wp:term":[{"taxonomy":"category","embeddable":true,"href":"https:\/\/fotogruppe-bredenbeck.de\/index.php?rest_route=%2Fwp%2Fv2%2Fcategories&post=513"},{"taxonomy":"post_tag","embeddable":true,"href":"https:\/\/fotogruppe-bredenbeck.de\/index.php?rest_route=%2Fwp%2Fv2%2Ftags&post=513"}],"curies":[{"name":"wp","href":"https:\/\/api.w.org\/{rel}","templated":true}]}}