{"id":459,"date":"2017-09-18T20:27:21","date_gmt":"2017-09-18T18:27:21","guid":{"rendered":"http:\/\/fotogruppe-bredenbeck.de\/?p=459"},"modified":"2017-09-20T20:25:55","modified_gmt":"2017-09-20T18:25:55","slug":"fotografie-im-dunkelfeld-dunkelfeldbeleuchtung","status":"publish","type":"post","link":"https:\/\/fotogruppe-bredenbeck.de\/?p=459","title":{"rendered":"Fotografie im Dunkelfeld (Dunkelfeldbeleuchtung)"},"content":{"rendered":"<h3>Bewegte Fl\u00fcssigkeiten werden scharf abgebildet, Glas wird klar gezeichnet. Anwendung z.B. Platsch- und Schwapp-Aufnahmen<\/h3>\n<p><img loading=\"lazy\" decoding=\"async\" class=\"alignleft size-medium wp-image-460\" src=\"https:\/\/fotogruppe-bredenbeck.de\/wp-content\/uploads\/2017\/09\/Platsch-mit-Olive-200x300.jpg\" alt=\"Platsch mit Olive von Dieter Grabitz\" width=\"200\" height=\"300\" srcset=\"https:\/\/fotogruppe-bredenbeck.de\/wp-content\/uploads\/2017\/09\/Platsch-mit-Olive-200x300.jpg 200w, https:\/\/fotogruppe-bredenbeck.de\/wp-content\/uploads\/2017\/09\/Platsch-mit-Olive-768x1152.jpg 768w, https:\/\/fotogruppe-bredenbeck.de\/wp-content\/uploads\/2017\/09\/Platsch-mit-Olive-683x1024.jpg 683w, https:\/\/fotogruppe-bredenbeck.de\/wp-content\/uploads\/2017\/09\/Platsch-mit-Olive-960x1440.jpg 960w, https:\/\/fotogruppe-bredenbeck.de\/wp-content\/uploads\/2017\/09\/Platsch-mit-Olive.jpg 1080w\" sizes=\"auto, (max-width: 200px) 100vw, 200px\" \/><br \/>\nAnwendung finden diese Aufnahmen im Dunkelfeld mit schattenfreier Ausleuchtung in der Produktfotografie f\u00fcr Werbezwecke. F\u00fcr kleinere Objekte wird die Tabletop-Fotografie (Tischfotografie) benutzt. Die Anleitung erkl\u00e4rt einen Splash (Platsch-Aufnahme) mit der Dunkelfeldbeleuchtung. In diesem Beispiel f\u00e4llt eine Olive in ein gef\u00fclltes Martiniglas. Martini wurde hier durch Wasser ersetzt. Um dabei das Wasser und Wassertropfen scharf abzubilden (einzufrieren), wird nur die sehr kurze Z\u00fcndzeit des Blitzes ausgenutzt. Durch den Abschatter gelangt nur indirektes, diffus gestreutes Licht von beiden Seiten zum Objekt.<br \/>\n<!--more--><\/p>\n<h3>Das Setup f\u00fcr den Grundaufbau mit einfacher Beleuchtung<\/h3>\n<p><a href=\"https:\/\/fotogruppe-bredenbeck.de\/wp-content\/uploads\/2017\/09\/Dunkelfeldaufbau.jpg\" target=\"_blank\"><img loading=\"lazy\" decoding=\"async\" src=\"https:\/\/fotogruppe-bredenbeck.de\/wp-content\/uploads\/2017\/09\/Dunkelfeldaufbau-300x251.jpg\" alt=\"Aufbau eines Dunkelfeldes von Dieter Grabitz\" width=\"300\" height=\"251\" class=\"alignright size-medium wp-image-463\" srcset=\"https:\/\/fotogruppe-bredenbeck.de\/wp-content\/uploads\/2017\/09\/Dunkelfeldaufbau-300x251.jpg 300w, https:\/\/fotogruppe-bredenbeck.de\/wp-content\/uploads\/2017\/09\/Dunkelfeldaufbau-768x643.jpg 768w, https:\/\/fotogruppe-bredenbeck.de\/wp-content\/uploads\/2017\/09\/Dunkelfeldaufbau-1024x858.jpg 1024w, https:\/\/fotogruppe-bredenbeck.de\/wp-content\/uploads\/2017\/09\/Dunkelfeldaufbau-960x804.jpg 960w\" sizes=\"auto, (max-width: 300px) 100vw, 300px\" \/><\/a><br \/>\nDas Material f\u00fcr den Aufbau besteht aus einer Tischplatte, rechts und links wei\u00dfe Styroporplatten, einen Abschatter (Platte oder Karton), dahinter der Blitz oder auch zwei Blitze mit geringerer Leistung, ein Glas mit Fl\u00fcssigkeit und eine Olive. \u00dcber die Tischplatte und dem Abschatter wird ein schwarzer Bezug aus Stoff oder Folie gelegt. Das Trinkglas kann f\u00fcr einen dezenten Spiegeleffekt auf eine Glasscheibe gestellt werden. Der Raum sollte bei der Aufnahme nur wenig beleuchtet sein.<br \/>\n<b>Anmerkung<\/b>: Statt des schwarzen Abschatters kann auch als Effekt ein farbiger Hintergrund genommen werden.<\/p>\n<h3>Die Einstellungen<\/h3>\n<p>Kamera mit Fernbedienung auf Stativ platzieren, Objektiv-Brennweite Crop-Format 75 mm, Blende f\/10 f\u00fcr ausreichende Sch\u00e4rfentiefe, Verschlusszeit auf ca. 1\/125 Sek., Empfindlichkeit ISO 100, RAW und JPG, Autofokus aus und vorfokussieren. Der abgesetzte Blitz mit Fernbedienung wird nur mit 1\/8 bis 1\/4 seiner Maximal-Leistung gez\u00fcndet. Je geringer die Blitzleistung, umso k\u00fcrzer ist die Abbrennzeit (ca. 1\/5000 Sek. bei 1\/4 und 1\/10000 Sek. bei 1\/8 Leistung). Durch ein paar Probeaufnahmen ohne \u201ePlatsch\u201c k\u00f6nnen die Werte noch optimiert werden.<\/p>\n<h3>Die Aufnahme<\/h3>\n<p>Wenn alles aufgestellt und eingeschaltet ist, die Kamera vorfokussiert ist, kann es losgehen. Fernbedienung bereit, die Olive fallen lassen und beim Auftreffen auf die Fl\u00fcssigkeit Kamera und Blitz ausl\u00f6sen.<\/p>\n<h3>Bildbearbeitung<\/h3>\n<p>Optimierung durch Tonwertkorrektur, Kontrast und Farben anpassen, schiefe Ebene begradigen, danach Unreinheiten beseitigen.<\/p>\n","protected":false},"excerpt":{"rendered":"<p>Bewegte Fl\u00fcssigkeiten werden scharf abgebildet, Glas wird klar gezeichnet. Anwendung z.B. Platsch- und Schwapp-Aufnahmen Anwendung finden diese Aufnahmen im Dunkelfeld mit schattenfreier Ausleuchtung in der Produktfotografie f\u00fcr Werbezwecke. F\u00fcr kleinere Objekte wird die Tabletop-Fotografie (Tischfotografie) benutzt. Die Anleitung erkl\u00e4rt einen Splash (Platsch-Aufnahme) mit der Dunkelfeldbeleuchtung. In diesem Beispiel f\u00e4llt eine Olive in ein gef\u00fclltes Martiniglas. <a href=\"https:\/\/fotogruppe-bredenbeck.de\/?p=459\" class=\"more-link\">...weiterlesen<span class=\"screen-reader-text\"> \"Fotografie im Dunkelfeld (Dunkelfeldbeleuchtung)\"<\/span><\/a><\/p>\n","protected":false},"author":7,"featured_media":0,"comment_status":"open","ping_status":"closed","sticky":false,"template":"","format":"standard","meta":{"advanced_seo_description":"","jetpack_seo_html_title":"","jetpack_seo_noindex":false,"jetpack_post_was_ever_published":false,"_jetpack_newsletter_access":"","_jetpack_dont_email_post_to_subs":false,"_jetpack_newsletter_tier_id":0,"_jetpack_memberships_contains_paywalled_content":false,"_jetpack_memberships_contains_paid_content":false,"footnotes":""},"categories":[15],"tags":[],"class_list":{"0":"post-459","1":"post","2":"type-post","3":"status-publish","4":"format-standard","6":"category-fotopraxis","7":"h-entry","8":"hentry","9":"h-as-article"},"jetpack_featured_media_url":"","jetpack-related-posts":[{"id":582,"url":"https:\/\/fotogruppe-bredenbeck.de\/?p=582","url_meta":{"origin":459,"position":0},"title":"Makrofotografie &#8211; Technik &#038; Tipps","author":"Dieter Grabitz","date":"15. November 2017","format":false,"excerpt":"Die Makrofotografie kann ungeahnte Einblicke er\u00f6ffnen, mit blo\u00dfem Auge nicht erkennbare Details auf den Sensor bannen. Spektakul\u00e4re Naturaufnahmen sind unter Einsatz von Lichtschranken und Blitzanlagen m\u00f6glich. Zun\u00e4chst ist es aber wichtig zu wissen, welche Hilfsmittel es gibt und welche grundlegenden Dinge zu beachten sind. Genau daf\u00fcr ist dieser Beitrag gedacht.\u2026","rel":"","context":"In &quot;Fotopraxis&quot;","block_context":{"text":"Fotopraxis","link":"https:\/\/fotogruppe-bredenbeck.de\/?cat=15"},"img":{"alt_text":"Pusteblume - Canon EOS 400, Sigma 50mm 2.8 DG MACRO, Blende 16, ISO 100, manuell fokussiert, Mehrfeldmessung","src":"https:\/\/i0.wp.com\/fotogruppe-bredenbeck.de\/wp-content\/uploads\/2017\/10\/Pusteblume.jpg?resize=350%2C200&ssl=1","width":350,"height":200,"srcset":"https:\/\/i0.wp.com\/fotogruppe-bredenbeck.de\/wp-content\/uploads\/2017\/10\/Pusteblume.jpg?resize=350%2C200&ssl=1 1x, https:\/\/i0.wp.com\/fotogruppe-bredenbeck.de\/wp-content\/uploads\/2017\/10\/Pusteblume.jpg?resize=525%2C300&ssl=1 1.5x, https:\/\/i0.wp.com\/fotogruppe-bredenbeck.de\/wp-content\/uploads\/2017\/10\/Pusteblume.jpg?resize=700%2C400&ssl=1 2x, https:\/\/i0.wp.com\/fotogruppe-bredenbeck.de\/wp-content\/uploads\/2017\/10\/Pusteblume.jpg?resize=1050%2C600&ssl=1 3x, https:\/\/i0.wp.com\/fotogruppe-bredenbeck.de\/wp-content\/uploads\/2017\/10\/Pusteblume.jpg?resize=1400%2C800&ssl=1 4x"},"classes":[]},{"id":624,"url":"https:\/\/fotogruppe-bredenbeck.de\/?p=624","url_meta":{"origin":459,"position":1},"title":"Focus Stacking in der Nah- und Makrofotografie","author":"Dieter Grabitz","date":"15. Dezember 2017","format":false,"excerpt":"\u00c4hnlich einer Belichtungsreihe f\u00fcr ein HDR-Foto, ist eine Reihe von Bildern erforderlich, um die bei der Makrofotografie bestehenden Einschr\u00e4nlungen zu umgehen. W\u00e4hrend bei HDR-Fotos verschiedene Blendeneinestellungen vorgenommen werden m\u00fcssen, ist bei Focus Stacking die fortlaufende \u00fcberlappende Fokussierung bei sonst unver\u00e4nderten Einstellungen erforderlich. Bei der anschlie\u00dfende Montage dieser Bilder mit geeigneter\u2026","rel":"","context":"In &quot;Fotopraxis&quot;","block_context":{"text":"Fotopraxis","link":"https:\/\/fotogruppe-bredenbeck.de\/?cat=15"},"img":{"alt_text":"Ges\u00e4ter Tintling","src":"https:\/\/i0.wp.com\/fotogruppe-bredenbeck.de\/wp-content\/uploads\/2017\/12\/Ges%C3%A4ter-Tintling-13B-breit-A.jpg?resize=350%2C200&ssl=1","width":350,"height":200,"srcset":"https:\/\/i0.wp.com\/fotogruppe-bredenbeck.de\/wp-content\/uploads\/2017\/12\/Ges%C3%A4ter-Tintling-13B-breit-A.jpg?resize=350%2C200&ssl=1 1x, https:\/\/i0.wp.com\/fotogruppe-bredenbeck.de\/wp-content\/uploads\/2017\/12\/Ges%C3%A4ter-Tintling-13B-breit-A.jpg?resize=525%2C300&ssl=1 1.5x, https:\/\/i0.wp.com\/fotogruppe-bredenbeck.de\/wp-content\/uploads\/2017\/12\/Ges%C3%A4ter-Tintling-13B-breit-A.jpg?resize=700%2C400&ssl=1 2x, https:\/\/i0.wp.com\/fotogruppe-bredenbeck.de\/wp-content\/uploads\/2017\/12\/Ges%C3%A4ter-Tintling-13B-breit-A.jpg?resize=1050%2C600&ssl=1 3x, https:\/\/i0.wp.com\/fotogruppe-bredenbeck.de\/wp-content\/uploads\/2017\/12\/Ges%C3%A4ter-Tintling-13B-breit-A.jpg?resize=1400%2C800&ssl=1 4x"},"classes":[]},{"id":1254,"url":"https:\/\/fotogruppe-bredenbeck.de\/?p=1254","url_meta":{"origin":459,"position":2},"title":"Pilzfotografie","author":"Dieter Grabitz","date":"19. Oktober 2020","format":false,"excerpt":"Einf\u00fchrung Jeder hat sie schon gesehen, die Pilze am Wegesrand, im Wald, an Baumst\u00fcmpfen, auf B\u00e4umen, auf der Wiese und in G\u00e4rten. Wenn auch der eigentliche Pilz unterirdisch als feines Geflecht (Myzel) meistens mit Baumwurzeln einen N\u00e4hrstoffaustausch eingeht, bieten die oberirdischen Fruchtk\u00f6rper ein lohnendes Fotomotiv. Es kann nat\u00fcrlich nicht schaden,\u2026","rel":"","context":"In &quot;Fotopraxis&quot;","block_context":{"text":"Fotopraxis","link":"https:\/\/fotogruppe-bredenbeck.de\/?cat=15"},"img":{"alt_text":"","src":"https:\/\/i0.wp.com\/fotogruppe-bredenbeck.de\/wp-content\/uploads\/2020\/10\/Fliegenpilze-im-Regen-A.jpg?resize=350%2C200&ssl=1","width":350,"height":200,"srcset":"https:\/\/i0.wp.com\/fotogruppe-bredenbeck.de\/wp-content\/uploads\/2020\/10\/Fliegenpilze-im-Regen-A.jpg?resize=350%2C200&ssl=1 1x, https:\/\/i0.wp.com\/fotogruppe-bredenbeck.de\/wp-content\/uploads\/2020\/10\/Fliegenpilze-im-Regen-A.jpg?resize=525%2C300&ssl=1 1.5x, https:\/\/i0.wp.com\/fotogruppe-bredenbeck.de\/wp-content\/uploads\/2020\/10\/Fliegenpilze-im-Regen-A.jpg?resize=700%2C400&ssl=1 2x, https:\/\/i0.wp.com\/fotogruppe-bredenbeck.de\/wp-content\/uploads\/2020\/10\/Fliegenpilze-im-Regen-A.jpg?resize=1050%2C600&ssl=1 3x, https:\/\/i0.wp.com\/fotogruppe-bredenbeck.de\/wp-content\/uploads\/2020\/10\/Fliegenpilze-im-Regen-A.jpg?resize=1400%2C800&ssl=1 4x"},"classes":[]},{"id":836,"url":"https:\/\/fotogruppe-bredenbeck.de\/?p=836","url_meta":{"origin":459,"position":3},"title":"Sternstrichspuren (Star Trails)","author":"Dieter Grabitz","date":"4. November 2018","format":false,"excerpt":"Alles dreht sich um den Polarstern, jedenfalls bei dieser Star-Trails-Aufnahme. Der ambitionierte Fotograf sollte deshalb in der Lage sein, die Position zu bestimmen und bei der Suche nach einer geeigneten Location zu ber\u00fccksichtigen. Daneben gibt es einige weitere Punkte zu bedenken. Insbesondere, dass es leicht 4 bis 5 Stunden dauern\u2026","rel":"","context":"In &quot;Fotopraxis&quot;","block_context":{"text":"Fotopraxis","link":"https:\/\/fotogruppe-bredenbeck.de\/?cat=15"},"img":{"alt_text":"","src":"https:\/\/i0.wp.com\/fotogruppe-bredenbeck.de\/wp-content\/uploads\/2018\/11\/Sternenstrichspuren-bei-Polle-1-A.jpg?resize=350%2C200&ssl=1","width":350,"height":200,"srcset":"https:\/\/i0.wp.com\/fotogruppe-bredenbeck.de\/wp-content\/uploads\/2018\/11\/Sternenstrichspuren-bei-Polle-1-A.jpg?resize=350%2C200&ssl=1 1x, https:\/\/i0.wp.com\/fotogruppe-bredenbeck.de\/wp-content\/uploads\/2018\/11\/Sternenstrichspuren-bei-Polle-1-A.jpg?resize=525%2C300&ssl=1 1.5x, https:\/\/i0.wp.com\/fotogruppe-bredenbeck.de\/wp-content\/uploads\/2018\/11\/Sternenstrichspuren-bei-Polle-1-A.jpg?resize=700%2C400&ssl=1 2x, https:\/\/i0.wp.com\/fotogruppe-bredenbeck.de\/wp-content\/uploads\/2018\/11\/Sternenstrichspuren-bei-Polle-1-A.jpg?resize=1050%2C600&ssl=1 3x, https:\/\/i0.wp.com\/fotogruppe-bredenbeck.de\/wp-content\/uploads\/2018\/11\/Sternenstrichspuren-bei-Polle-1-A.jpg?resize=1400%2C800&ssl=1 4x"},"classes":[]},{"id":513,"url":"https:\/\/fotogruppe-bredenbeck.de\/?p=513","url_meta":{"origin":459,"position":4},"title":"Infrarotfotografie","author":"Dieter Grabitz","date":"15. Oktober 2017","format":false,"excerpt":"Ich sehe was, was du nicht siehst! So k\u00f6nnte das Motto f\u00fcr Infrarotfotografen lauten. Infrarotfotografien zeigen uns die Welt in einem ganz anderen Licht. Man bewegt sich sozusagen auf unbekannten, unsichtbaren Wegen. Verwendung findet sie bei der Landschafts-, Nacht- und Astro-Fotografie (eines meiner Hobbies), bei der Weltraumforschung, der Polizei, dem\u2026","rel":"","context":"In &quot;Fotopraxis&quot;","block_context":{"text":"Fotopraxis","link":"https:\/\/fotogruppe-bredenbeck.de\/?cat=15"},"img":{"alt_text":"Steinbruch Springe Infrarot","src":"https:\/\/i0.wp.com\/fotogruppe-bredenbeck.de\/wp-content\/uploads\/2017\/10\/Steinbruch-Springe-219-Infrarot-B-300x225.jpg?resize=350%2C200&ssl=1","width":350,"height":200,"srcset":"https:\/\/i0.wp.com\/fotogruppe-bredenbeck.de\/wp-content\/uploads\/2017\/10\/Steinbruch-Springe-219-Infrarot-B-300x225.jpg?resize=350%2C200&ssl=1 1x, https:\/\/i0.wp.com\/fotogruppe-bredenbeck.de\/wp-content\/uploads\/2017\/10\/Steinbruch-Springe-219-Infrarot-B-300x225.jpg?resize=525%2C300&ssl=1 1.5x, https:\/\/i0.wp.com\/fotogruppe-bredenbeck.de\/wp-content\/uploads\/2017\/10\/Steinbruch-Springe-219-Infrarot-B-300x225.jpg?resize=700%2C400&ssl=1 2x, https:\/\/i0.wp.com\/fotogruppe-bredenbeck.de\/wp-content\/uploads\/2017\/10\/Steinbruch-Springe-219-Infrarot-B-300x225.jpg?resize=1050%2C600&ssl=1 3x"},"classes":[]},{"id":801,"url":"https:\/\/fotogruppe-bredenbeck.de\/?p=801","url_meta":{"origin":459,"position":5},"title":"Nachtfotografie","author":"Dieter Grabitz","date":"18. September 2018","format":false,"excerpt":"Das Betrachten des Nachthimmels ist in unseren Breiten meistens nicht sehr spektakul\u00e4r. Dem blo\u00dfen Auge bleibt aus verschiedenen Gr\u00fcnden so manch Interessantes verborgen. Mit Hilfe der Fotografie k\u00f6nnen jedoch ungeahnte Einzelheiten ans Tageslicht ;-) geholt werden. Zun\u00e4chst gilt es, eine passende Location zu finden. Meine Aufnahme entstand in L\u00fcbben\/Spreewald. Die\u2026","rel":"","context":"In &quot;Fotopraxis&quot;","block_context":{"text":"Fotopraxis","link":"https:\/\/fotogruppe-bredenbeck.de\/?cat=15"},"img":{"alt_text":"","src":"https:\/\/i0.wp.com\/fotogruppe-bredenbeck.de\/wp-content\/uploads\/2018\/09\/Astrofotografie-Milchstra%C3%9Fe-mit-Sommerdreieck.jpg?resize=350%2C200&ssl=1","width":350,"height":200,"srcset":"https:\/\/i0.wp.com\/fotogruppe-bredenbeck.de\/wp-content\/uploads\/2018\/09\/Astrofotografie-Milchstra%C3%9Fe-mit-Sommerdreieck.jpg?resize=350%2C200&ssl=1 1x, https:\/\/i0.wp.com\/fotogruppe-bredenbeck.de\/wp-content\/uploads\/2018\/09\/Astrofotografie-Milchstra%C3%9Fe-mit-Sommerdreieck.jpg?resize=525%2C300&ssl=1 1.5x, https:\/\/i0.wp.com\/fotogruppe-bredenbeck.de\/wp-content\/uploads\/2018\/09\/Astrofotografie-Milchstra%C3%9Fe-mit-Sommerdreieck.jpg?resize=700%2C400&ssl=1 2x, https:\/\/i0.wp.com\/fotogruppe-bredenbeck.de\/wp-content\/uploads\/2018\/09\/Astrofotografie-Milchstra%C3%9Fe-mit-Sommerdreieck.jpg?resize=1050%2C600&ssl=1 3x, https:\/\/i0.wp.com\/fotogruppe-bredenbeck.de\/wp-content\/uploads\/2018\/09\/Astrofotografie-Milchstra%C3%9Fe-mit-Sommerdreieck.jpg?resize=1400%2C800&ssl=1 4x"},"classes":[]}],"jetpack_sharing_enabled":true,"_links":{"self":[{"href":"https:\/\/fotogruppe-bredenbeck.de\/index.php?rest_route=\/wp\/v2\/posts\/459","targetHints":{"allow":["GET"]}}],"collection":[{"href":"https:\/\/fotogruppe-bredenbeck.de\/index.php?rest_route=\/wp\/v2\/posts"}],"about":[{"href":"https:\/\/fotogruppe-bredenbeck.de\/index.php?rest_route=\/wp\/v2\/types\/post"}],"author":[{"embeddable":true,"href":"https:\/\/fotogruppe-bredenbeck.de\/index.php?rest_route=\/wp\/v2\/users\/7"}],"replies":[{"embeddable":true,"href":"https:\/\/fotogruppe-bredenbeck.de\/index.php?rest_route=%2Fwp%2Fv2%2Fcomments&post=459"}],"version-history":[{"count":0,"href":"https:\/\/fotogruppe-bredenbeck.de\/index.php?rest_route=\/wp\/v2\/posts\/459\/revisions"}],"wp:attachment":[{"href":"https:\/\/fotogruppe-bredenbeck.de\/index.php?rest_route=%2Fwp%2Fv2%2Fmedia&parent=459"}],"wp:term":[{"taxonomy":"category","embeddable":true,"href":"https:\/\/fotogruppe-bredenbeck.de\/index.php?rest_route=%2Fwp%2Fv2%2Fcategories&post=459"},{"taxonomy":"post_tag","embeddable":true,"href":"https:\/\/fotogruppe-bredenbeck.de\/index.php?rest_route=%2Fwp%2Fv2%2Ftags&post=459"}],"curies":[{"name":"wp","href":"https:\/\/api.w.org\/{rel}","templated":true}]}}