{"id":386,"date":"2017-09-03T22:45:07","date_gmt":"2017-09-03T20:45:07","guid":{"rendered":"http:\/\/fotogruppe-bredenbeck.de\/?p=386"},"modified":"2022-09-02T22:00:49","modified_gmt":"2022-09-02T20:00:49","slug":"ausstellung-2017","status":"publish","type":"post","link":"https:\/\/fotogruppe-bredenbeck.de\/?p=386","title":{"rendered":"Ausstellung 2017"},"content":{"rendered":"<p>Die Bilder der Ausstellung 2017 sind eingepflegt.<br \/>\n<a href=\"https:\/\/fotogruppe-bredenbeck.de\/?page_id=172&amp;wppa-album=209&amp;wppa-cover=0&amp;wppa-occur=1\">Wir war'n dann mal weg<\/a><\/p>\n","protected":false},"excerpt":{"rendered":"<p>Die Bilder der Ausstellung 2017 sind eingepflegt. Wir war'n dann mal weg<\/p>\n","protected":false},"author":3,"featured_media":0,"comment_status":"closed","ping_status":"closed","sticky":false,"template":"","format":"status","meta":{"advanced_seo_description":"","jetpack_seo_html_title":"","jetpack_seo_noindex":false,"jetpack_post_was_ever_published":false,"_jetpack_newsletter_access":"","_jetpack_dont_email_post_to_subs":false,"_jetpack_newsletter_tier_id":0,"_jetpack_memberships_contains_paywalled_content":false,"_jetpack_memberships_contains_paid_content":false,"footnotes":""},"categories":[14],"tags":[],"class_list":{"0":"post-386","1":"post","2":"type-post","3":"status-publish","4":"format-status","6":"category-galerie","7":"post_format-post-format-status","8":"h-entry","9":"hentry","10":"h-as-note"},"jetpack_featured_media_url":"","jetpack-related-posts":[{"id":857,"url":"https:\/\/fotogruppe-bredenbeck.de\/?p=857","url_meta":{"origin":386,"position":0},"title":"Fotoausstellung 2019","author":"Dieter Grabitz","date":"15. Dezember 2018","format":false,"excerpt":"Am 18.01.2019 um 12:00 Uhr findet die Er\u00f6ffnung der Fotoausstellung 2019 im Amtsgericht Wennigsen statt. Ein Thema ist nicht vorgegeben, so dass die Teilnehmenden die volle Bandbreite ihrer Interessen zur Ansicht bringen k\u00f6nnen. Zur Einstimmung gibt es hier schon mal eine kleine Galerie:","rel":"","context":"In &quot;Ausstellung&quot;","block_context":{"text":"Ausstellung","link":"https:\/\/fotogruppe-bredenbeck.de\/?cat=4"},"img":{"alt_text":"","src":"https:\/\/i0.wp.com\/fotogruppe-bredenbeck.de\/wp-content\/uploads\/2018\/12\/1-Ohrenqualle-A.jpg?resize=350%2C200&ssl=1","width":350,"height":200,"srcset":"https:\/\/i0.wp.com\/fotogruppe-bredenbeck.de\/wp-content\/uploads\/2018\/12\/1-Ohrenqualle-A.jpg?resize=350%2C200&ssl=1 1x, https:\/\/i0.wp.com\/fotogruppe-bredenbeck.de\/wp-content\/uploads\/2018\/12\/1-Ohrenqualle-A.jpg?resize=525%2C300&ssl=1 1.5x, https:\/\/i0.wp.com\/fotogruppe-bredenbeck.de\/wp-content\/uploads\/2018\/12\/1-Ohrenqualle-A.jpg?resize=700%2C400&ssl=1 2x, https:\/\/i0.wp.com\/fotogruppe-bredenbeck.de\/wp-content\/uploads\/2018\/12\/1-Ohrenqualle-A.jpg?resize=1050%2C600&ssl=1 3x, https:\/\/i0.wp.com\/fotogruppe-bredenbeck.de\/wp-content\/uploads\/2018\/12\/1-Ohrenqualle-A.jpg?resize=1400%2C800&ssl=1 4x"},"classes":[]},{"id":2033,"url":"https:\/\/fotogruppe-bredenbeck.de\/?p=2033","url_meta":{"origin":386,"position":1},"title":"Ausstellung Fachwerk5Eck","author":"Hans-Peter Hornbostel","date":"13. Februar 2026","format":false,"excerpt":"Liebe Fotofreunde, am 1.3.2026 starten wir in der MHH eine Ausstellung mit insgesamt 108 Bildern. Thema ist das Fachwerk5Eck. Die Vereine der Bezirksgruppe Niedersachsen Ost im Deutschen Verband f\u00fcr Fotografie","rel":"","context":"In &quot;Ausstellung&quot;","block_context":{"text":"Ausstellung","link":"https:\/\/fotogruppe-bredenbeck.de\/?cat=4"},"img":{"alt_text":"Einladungskarte Fotoausstellung","src":"https:\/\/i0.wp.com\/fotogruppe-bredenbeck.de\/wp-content\/uploads\/2026\/02\/Feb1001.jpg?resize=350%2C200&ssl=1","width":350,"height":200,"srcset":"https:\/\/i0.wp.com\/fotogruppe-bredenbeck.de\/wp-content\/uploads\/2026\/02\/Feb1001.jpg?resize=350%2C200&ssl=1 1x, https:\/\/i0.wp.com\/fotogruppe-bredenbeck.de\/wp-content\/uploads\/2026\/02\/Feb1001.jpg?resize=525%2C300&ssl=1 1.5x, https:\/\/i0.wp.com\/fotogruppe-bredenbeck.de\/wp-content\/uploads\/2026\/02\/Feb1001.jpg?resize=700%2C400&ssl=1 2x, https:\/\/i0.wp.com\/fotogruppe-bredenbeck.de\/wp-content\/uploads\/2026\/02\/Feb1001.jpg?resize=1050%2C600&ssl=1 3x, https:\/\/i0.wp.com\/fotogruppe-bredenbeck.de\/wp-content\/uploads\/2026\/02\/Feb1001.jpg?resize=1400%2C800&ssl=1 4x"},"classes":[]},{"id":391,"url":"https:\/\/fotogruppe-bredenbeck.de\/?p=391","url_meta":{"origin":386,"position":2},"title":"Monatsthema August 2017","author":"Webmaster","date":"4. September 2017","format":"status","excerpt":"Die Bilder f\u00fcr das Monatsthema Schienenfahrzeuge sind hochgeladen. Monatsthema Schienenfahrzeuge","rel":"","context":"In &quot;Galerie&quot;","block_context":{"text":"Galerie","link":"https:\/\/fotogruppe-bredenbeck.de\/?cat=14"},"img":{"alt_text":"","src":"","width":0,"height":0},"classes":[]},{"id":1227,"url":"https:\/\/fotogruppe-bredenbeck.de\/?p=1227","url_meta":{"origin":386,"position":3},"title":"Keine Ausstellung im Freizeitheim Vahrenwald am 7.6.2020","author":"Hans-Peter Hornbostel","date":"13. Mai 2020","format":false,"excerpt":"Die Fotogruppe Bredenbeck hat die Ausstellung, die f\u00fcr den 7. Juni 2020 im FZ Vahrenwald geplant war, abgesagt. Wir werden uns allerdings bem\u00fchen, diese zu einem sp\u00e4teren Zeitpunkt stattfinden zu lassen. Voraussetzung daf\u00fcr ist eine sichere Gesamtsituation. Damit m\u00f6chte ich ausdr\u00fccklich betonen, dass eine Lockerung der derzeitigen Ma\u00dfnahmen oder eine\u2026","rel":"","context":"In &quot;Ausstellung&quot;","block_context":{"text":"Ausstellung","link":"https:\/\/fotogruppe-bredenbeck.de\/?cat=4"},"img":{"alt_text":"","src":"","width":0,"height":0},"classes":[]},{"id":554,"url":"https:\/\/fotogruppe-bredenbeck.de\/?p=554","url_meta":{"origin":386,"position":4},"title":"Fotoshooting im Steinbruch Springe","author":"Dieter Grabitz","date":"24. Oktober 2017","format":false,"excerpt":"Eine Nachlese zum Ausflug vom 15. Okober 2017 Die Idee zu dieser Fotowanderung hatte unser Fotofreund Marc Mihatsch. Wie sich dann sp\u00e4ter herausstellte, war das ein blendender Einfall, der mit guten fotografischen Ergebnissen und bleibenden Eindr\u00fccken belohnt wurde. Am Sonntag um 14.30 Uhr bei warmen Sonnenschein startete die Fotogruppe von\u2026","rel":"","context":"In &quot;Fotoshooting&quot;","block_context":{"text":"Fotoshooting","link":"https:\/\/fotogruppe-bredenbeck.de\/?cat=17"},"img":{"alt_text":"Steinbruch Springe Panorama von Dieter Grabitz","src":"https:\/\/i0.wp.com\/fotogruppe-bredenbeck.de\/wp-content\/uploads\/2017\/10\/Steinbruch-Springe-Panorama-A.jpg?resize=350%2C200&ssl=1","width":350,"height":200,"srcset":"https:\/\/i0.wp.com\/fotogruppe-bredenbeck.de\/wp-content\/uploads\/2017\/10\/Steinbruch-Springe-Panorama-A.jpg?resize=350%2C200&ssl=1 1x, https:\/\/i0.wp.com\/fotogruppe-bredenbeck.de\/wp-content\/uploads\/2017\/10\/Steinbruch-Springe-Panorama-A.jpg?resize=525%2C300&ssl=1 1.5x, https:\/\/i0.wp.com\/fotogruppe-bredenbeck.de\/wp-content\/uploads\/2017\/10\/Steinbruch-Springe-Panorama-A.jpg?resize=700%2C400&ssl=1 2x, https:\/\/i0.wp.com\/fotogruppe-bredenbeck.de\/wp-content\/uploads\/2017\/10\/Steinbruch-Springe-Panorama-A.jpg?resize=1050%2C600&ssl=1 3x, https:\/\/i0.wp.com\/fotogruppe-bredenbeck.de\/wp-content\/uploads\/2017\/10\/Steinbruch-Springe-Panorama-A.jpg?resize=1400%2C800&ssl=1 4x"},"classes":[]},{"id":2403,"url":"https:\/\/fotogruppe-bredenbeck.de\/?p=2403","url_meta":{"origin":386,"position":5},"title":"Fotoschau Niedersachsen Ost 2026 voller Erfolg","author":"Hans-Peter Hornbostel","date":"13. April 2026","format":false,"excerpt":"46 G\u00e4ste wohnten der Pr\u00e4sentation der Annahmen, Urkunden und Medaillen am Sonntag, den 12.4.2026 im DGH bei. Der stellvertretende Bezirksleiter Dr. Timo Freudenberger (Fotogruppe Barsinghausen) er\u00f6ffnete die Veranstaltung und f\u00fchrte durch das Programm. Als Gast begr\u00fc\u00dfte er Michaela Pecat (Bezirksleiterin Schleswig-Holstein und stellvertretende Landesvorsitzende Nordmark) sowie den Landesvorsitzenden Nordmark Jobit\u2026","rel":"","context":"In &quot;auch wichtig&quot;","block_context":{"text":"auch wichtig","link":"https:\/\/fotogruppe-bredenbeck.de\/?cat=41"},"img":{"alt_text":"","src":"","width":0,"height":0},"classes":[]}],"jetpack_sharing_enabled":true,"_links":{"self":[{"href":"https:\/\/fotogruppe-bredenbeck.de\/index.php?rest_route=\/wp\/v2\/posts\/386","targetHints":{"allow":["GET"]}}],"collection":[{"href":"https:\/\/fotogruppe-bredenbeck.de\/index.php?rest_route=\/wp\/v2\/posts"}],"about":[{"href":"https:\/\/fotogruppe-bredenbeck.de\/index.php?rest_route=\/wp\/v2\/types\/post"}],"author":[{"embeddable":true,"href":"https:\/\/fotogruppe-bredenbeck.de\/index.php?rest_route=\/wp\/v2\/users\/3"}],"replies":[{"embeddable":true,"href":"https:\/\/fotogruppe-bredenbeck.de\/index.php?rest_route=%2Fwp%2Fv2%2Fcomments&post=386"}],"version-history":[{"count":0,"href":"https:\/\/fotogruppe-bredenbeck.de\/index.php?rest_route=\/wp\/v2\/posts\/386\/revisions"}],"wp:attachment":[{"href":"https:\/\/fotogruppe-bredenbeck.de\/index.php?rest_route=%2Fwp%2Fv2%2Fmedia&parent=386"}],"wp:term":[{"taxonomy":"category","embeddable":true,"href":"https:\/\/fotogruppe-bredenbeck.de\/index.php?rest_route=%2Fwp%2Fv2%2Fcategories&post=386"},{"taxonomy":"post_tag","embeddable":true,"href":"https:\/\/fotogruppe-bredenbeck.de\/index.php?rest_route=%2Fwp%2Fv2%2Ftags&post=386"}],"curies":[{"name":"wp","href":"https:\/\/api.w.org\/{rel}","templated":true}]}}