{"id":345,"date":"2017-08-29T21:41:22","date_gmt":"2017-08-29T19:41:22","guid":{"rendered":"http:\/\/fotogruppe-bredenbeck.de\/?p=345"},"modified":"2017-09-13T23:14:03","modified_gmt":"2017-09-13T21:14:03","slug":"hinweise-fuer-die-pflege-der-website","status":"publish","type":"post","link":"https:\/\/fotogruppe-bredenbeck.de\/?p=345","title":{"rendered":"Kurz\u00fcbersicht WordPress"},"content":{"rendered":"<h3>Anmelden mit dem Benutzernamen<\/h3>\n<p>Der Anmeldedialog bietet zur Zeit zwei M\u00f6glichkeiten:<\/p>\n<ol>\n<li>Anmeldung \u00fcber WordPress.com<br \/>\n            Daf\u00fcr ist ein Account bei WordPress.com erforderlich, bei dem die Benutzerdaten hinterlegt werden. Nicht empfohlen.<\/li>\n<li>Anmeldung mit Benutzernamen und Passwort<br \/>Das ist die Option der Wahl<\/li>\n<\/ol>\n<p>Die Benutzernamen entsprechen denen der alten Website (au\u00dfer Hartmut). Passw\u00f6rter werden neu vergeben und sollen -nat\u00fcrlich- nach der ersten Anmeldung ge\u00e4ndert werden.<\/dd>\n<h3>Profil<\/h3>\n<p>Nach dem Anmelden wird die Seite <code>Profil<\/code> angezeigt, auf der das Passwort ge\u00e4ndert werden kann. Weitere Einstellungen sind m\u00f6glich aber nicht erforderlich.<br \/>\n<!--more--><\/p>\n<h3>Dashboard - der Arbeitsplatz<\/h3>\n<p>WordPress ist von Haus aus eine Blogging-Software, kann aber auch als Content Management System (CMS) verwendet werden, so dass mehrere Benutzer den Inhalt der Website pflegen k\u00f6nnen. Zu diesem Zweck muss jedem Benutzer eine Aufgabe (Rolle) zugewiesen werden, die mit spezifischen Rechten verbunden ist. Es gibt 5 Stufen von Administrator (darf alles) bis Abonnent (darf sein Profil verwalten und lesen). Das Dashboard zeigt nur die Men\u00fcpunkte an, die f\u00fcr die zugewiesene Rolle erforderlich sind.<\/p>\n<h3>Jetpack<\/h3>\n<p>Jetpack ist eine Erweiterung (Plugin) f\u00fcr verschiedene administrative Aufgaben. Diese stellt z.B. den Anmeldedialog zur Verf\u00fcgung und bietet die M\u00f6glichkeit, das Profil mit einem WordPress.com-Account zu verkn\u00fcpfen. Apps f\u00fcr Smartphone und Tablet werden angeboten. Allerdings ist nicht sichergestellt, dass das Plugin dauerhaft installiert ist.<\/p>\n<h3>Beitr\u00e4ge<\/h3>\n<p>Wenn das Men\u00fc <code>Beitr\u00e4ge<\/code> angezeigt wird, k\u00f6nnen Beitr\u00e4ge (posts) verfasst, eigene Beitr\u00e4ge bearbeitet oder fremde Beitr\u00e4ge moderiert werden. So ist es z.B. m\u00f6glich, in einem Beitrag auf ein neu erstelltes Album hinzuweisen und eine erg\u00e4nzende Beschreibung zu verfassen. Der Beitrag wird dann auf der Startseite angezeigt. Allerdings sind f\u00fcr die Ver\u00f6ffentlichung entsprechende Rechte erforderlich; wenn diese nicht vorhanden sind, muss der Beitrag von einem berechtigten Redakteur freigegeben werden. Insbesondere kann so Unterst\u00fctzung bei der Formatierung des Beitrags gegeben und sichergestellt werden, dass die korrekten Einstellungen gew\u00e4hlt wurden.<\/p>\n<h3>Mediathek<\/h3>\n<p>In der Mediathek k\u00f6nnen Dokumente gespeichert werden, die in Beitr\u00e4gen Verwendung finden sollen. Dabei kann es sich sowohl um Bilder, PDF-Dokumente als auch andere Dateien handeln. Bilder f\u00fcr die Fotoalben geh\u00f6ren jedoch nicht in die Mediathek.<\/p>\n<h3>Kommentare<\/h3>\n<p>WordPress enth\u00e4lt ein Kommentarsystem mit dessen Hilfe ein Autor Feedback zu seinen Beitr\u00e4gen bekommen kann. Auf der Seite <code>Kommentare<\/code> k\u00f6nnen diese Kommentare moderiert werden. Problematisch ist in diesem Zusammenhang, dass Spam, der gar nicht auf der Webseite erscheinen sollte, auszusondern ist. Manchmal wird es vielleicht vorkommen, dass in Kommentaren Fragen gestellt werden, die dann beantwortet werden sollten.<\/p>\n<h3>Veranstaltungen<\/h3>\n<p>\u00dcber das Men\u00fc <code>Veranstaltungen<\/code> k\u00f6nnen Termine in den Terminkalender eingetragen werden. F\u00fcr jeden Termin wird neben dem Kalendereintrag auch ein Post mit den Details generiert. Die Veranstaltungen k\u00f6nnten deshalb die im Umlauf befindliche Excel-Tabelle abl\u00f6sen.<br \/>\nHierf\u00fcr wird ein Plugin eingesetzt, das auf Praxistauglichkeit zu testen ist. So wird zum Beispiel die Anzeige der n\u00e4chsten Termine auf der Startseite nicht unterst\u00fctzt. Bei Bedarf w\u00e4re nach einer Alternative zu suchen.<\/p>\n<h3>Fotoalben<\/h3>\n<p>Jetzt kommt's, das Thema, das euch interessiert! F\u00fcr die Verwaltung der Fotos wird das Plugin WP Photo Album Plus (WPPA+) eingesetzt. Programmierer der gegenw\u00e4rtigen Version ist OpaJaap, ein Holl\u00e4nder, der \u00fcber 70 Jahre alt ist. Trotzdem -oder gerade deswegen- ist er sehr aktiv und bem\u00fcht, alle Anforderungen umzusetzen. Ich habe die deutsche \u00dcbersetzung des Plugins \u00fcbernommen, damit wir problemlos damit arbeiten k\u00f6nnen. Lob und Tadel sowie Verbesserungsvorschl\u00e4ge dazu nehme ich gern entgegen.<\/p>\n<p>Das Plugin bietet nahezu 1.000 Einstelloptionen. Es kann also an vielen Schrauben gedreht werden, um das optimale Ergebnis zu erhalten. Unter Anderem gibt es eine eigene Rechteverwaltung; je nach Berechtigung sind ggf. nicht alle der unten beschriebenen Men\u00fceintr\u00e4ge vorhanden. <\/p>\n<p>Daneben enth\u00e4lt das Plugin 19 Widgets, das sind Mini-Plugins, die bestimmte kleine Aufgaben erledigen. Beispielsweise k\u00f6nnen die neuesten, besten oder ausgew\u00e4hlte Fotos damit angezeigt werden.<\/p>\n<h4>Album-Admin<\/h4>\n<p>Hier k\u00f6nnen Fotoalben verwaltet werden<\/p>\n<ul>\n<li>Eigene Alben<br \/>Die aus dem alten System migrierten Alben sind bereits vorhanden. Sie sind Unteralben des Albums Mitglieder; nur die Unteralben von Mitglieder werden in der Galerie angezeigt.<\/li>\n<li>Standardalbum<br \/>Bei der 1. Anmeldung wird ein Standardalbum mit dem Namen des Mitglieds angelegt. Um Verwechslungen zu vermeiden, sollte dieses Album umbenannt werden. Der Inhalt wird nicht in der Galerie angezeigt, kann aber bei Suchaktionen gefunden werden.<\/li>\n<li>\u00d6ffentliche Alben<br \/>Die \u00f6ffentlichen Alben (Eigent\u00fcmer = --- public ---) werden angezeigt, k\u00f6nnen aber nur mit der Berechtigung <q>Album-Admin<\/q> bearbeitet werden. Angemeldet Benutzer k\u00f6nnen Fotos in diese Alben hochladen.\t<\/li>\n<\/ul>\n<h4>Fotos hochladen<\/h4>\n<p>Fotos k\u00f6nnen einzeln oder in Gruppen hochgeladen werden. Die dabei zu beachtenden Einschr\u00e4nkungen sind in einer Infobox beschrieben. Das Hochladen von ZIP-Dateien ist grunds\u00e4tzlich m\u00f6glich, bietet aus meiner Sicht jedoch normalerweise keinen Vorteil, da jpg-Dateien im ZIP-Archiv nur unwesentlich komprimiert werden.<\/p>\n<h4>Fotos importieren<\/h4>\n<p>Der Import ist nach dem Hochladen eines ZIP-Archives durchzuf\u00fchren.<\/p>\n<h4>Fotos moderieren<\/h4>\n<p>Hier k\u00f6nnen die Eigenschaften von Fotos bearbeitet werden. Neben der \u00c4nderung von Namen und Beschreibung sollen einfache Bildbearbeitungen m\u00f6glich sein. Momentan steht die daf\u00fcr erforderliche Software jedoch noch nicht auf dem Server zur Verf\u00fcgung. Kl\u00e4rung muss mit Christian \u00d6sterreicher erreicht werden.<\/p>\n<h4>Fotos exportieren<\/h4>\n<p>Die Fotos eines Albums k\u00f6nnen exportiert werden.<\/p>\n<h4>Einstellungen<\/h4>\n<p>Die ganze Vielfalt der Optionen ist hier erreichbar. Gruppiert in 12 Tabellen gibt es zur Zeit 931 Einstellungen und 131 Laufzeitparameter ...<\/p>\n<h4>Foto des Tages<\/h4>\n<p>Den weiteren diversen Einstellungen f\u00fcr die Anzeige des Fotos des Tages wurde eine eigene Seite spendiert.<\/p>\n<h4>Kommentare<\/h4>\n<p>Hier k\u00f6nnen die zu Fotos abgegebenen Kommentare moderiert werden. Nicht zu verwechseln mit den oben genannten Kommentaren zu Beitr\u00e4gen.<\/p>\n<h4>Dokumentation<\/h4>\n<p>Dieses Men\u00fc f\u00fchrt auf die Website von OpaJaap, auf der Informationen in englischer Sprache vorhanden sind.<\/p>\n","protected":false},"excerpt":{"rendered":"<p>Anmelden mit dem Benutzernamen Der Anmeldedialog bietet zur Zeit zwei M\u00f6glichkeiten: Anmeldung \u00fcber WordPress.com Daf\u00fcr ist ein Account bei WordPress.com erforderlich, bei dem die Benutzerdaten hinterlegt werden. Nicht empfohlen. Anmeldung mit Benutzernamen und PasswortDas ist die Option der Wahl Die Benutzernamen entsprechen denen der alten Website (au\u00dfer Hartmut). Passw\u00f6rter werden neu vergeben und sollen -nat\u00fcrlich- <a href=\"https:\/\/fotogruppe-bredenbeck.de\/?p=345\" class=\"more-link\">...weiterlesen<span class=\"screen-reader-text\"> \"Kurz\u00fcbersicht WordPress\"<\/span><\/a><\/p>\n","protected":false},"author":3,"featured_media":0,"comment_status":"open","ping_status":"closed","sticky":false,"template":"","format":"standard","meta":{"advanced_seo_description":"","jetpack_seo_html_title":"","jetpack_seo_noindex":false,"jetpack_post_was_ever_published":false,"_jetpack_newsletter_access":"","_jetpack_dont_email_post_to_subs":false,"_jetpack_newsletter_tier_id":0,"_jetpack_memberships_contains_paywalled_content":false,"_jetpack_memberships_contains_paid_content":false,"footnotes":""},"categories":[5],"tags":[],"class_list":{"0":"post-345","1":"post","2":"type-post","3":"status-publish","4":"format-standard","6":"category-web","7":"h-entry","8":"hentry","9":"h-as-article"},"jetpack_featured_media_url":"","jetpack-related-posts":[{"id":1478,"url":"https:\/\/fotogruppe-bredenbeck.de\/?p=1478","url_meta":{"origin":345,"position":0},"title":"Fotos auf der Webseite verwalten","author":"Webmaster","date":"30. Juli 2022","format":false,"excerpt":"Schnell und einfach funktioniert das Verwalten der Fotos direkt auf der Webseite, im sogenannten Frontend. Zwar k\u00f6nnen hier keine Einstellungen ver\u00e4ndert werden, aber um mal eben ein Foto hinzuzuf\u00fcgen oder zu l\u00f6schen, einen Titel zu ver\u00e4ndern oder sogar eine neue Galerie (ein neues Album) anzulegen, ist diese Methode sehr gut\u2026","rel":"","context":"In &quot;FGB-Internet&quot;","block_context":{"text":"FGB-Internet","link":"https:\/\/fotogruppe-bredenbeck.de\/?cat=34"},"img":{"alt_text":"","src":"","width":0,"height":0},"classes":[]},{"id":513,"url":"https:\/\/fotogruppe-bredenbeck.de\/?p=513","url_meta":{"origin":345,"position":1},"title":"Infrarotfotografie","author":"Dieter Grabitz","date":"15. Oktober 2017","format":false,"excerpt":"Ich sehe was, was du nicht siehst! So k\u00f6nnte das Motto f\u00fcr Infrarotfotografen lauten. Infrarotfotografien zeigen uns die Welt in einem ganz anderen Licht. Man bewegt sich sozusagen auf unbekannten, unsichtbaren Wegen. Verwendung findet sie bei der Landschafts-, Nacht- und Astro-Fotografie (eines meiner Hobbies), bei der Weltraumforschung, der Polizei, dem\u2026","rel":"","context":"In &quot;Fotopraxis&quot;","block_context":{"text":"Fotopraxis","link":"https:\/\/fotogruppe-bredenbeck.de\/?cat=15"},"img":{"alt_text":"Steinbruch Springe Infrarot","src":"https:\/\/i0.wp.com\/fotogruppe-bredenbeck.de\/wp-content\/uploads\/2017\/10\/Steinbruch-Springe-219-Infrarot-B-300x225.jpg?resize=350%2C200&ssl=1","width":350,"height":200,"srcset":"https:\/\/i0.wp.com\/fotogruppe-bredenbeck.de\/wp-content\/uploads\/2017\/10\/Steinbruch-Springe-219-Infrarot-B-300x225.jpg?resize=350%2C200&ssl=1 1x, https:\/\/i0.wp.com\/fotogruppe-bredenbeck.de\/wp-content\/uploads\/2017\/10\/Steinbruch-Springe-219-Infrarot-B-300x225.jpg?resize=525%2C300&ssl=1 1.5x, https:\/\/i0.wp.com\/fotogruppe-bredenbeck.de\/wp-content\/uploads\/2017\/10\/Steinbruch-Springe-219-Infrarot-B-300x225.jpg?resize=700%2C400&ssl=1 2x, https:\/\/i0.wp.com\/fotogruppe-bredenbeck.de\/wp-content\/uploads\/2017\/10\/Steinbruch-Springe-219-Infrarot-B-300x225.jpg?resize=1050%2C600&ssl=1 3x"},"classes":[]},{"id":836,"url":"https:\/\/fotogruppe-bredenbeck.de\/?p=836","url_meta":{"origin":345,"position":2},"title":"Sternstrichspuren (Star Trails)","author":"Dieter Grabitz","date":"4. November 2018","format":false,"excerpt":"Alles dreht sich um den Polarstern, jedenfalls bei dieser Star-Trails-Aufnahme. Der ambitionierte Fotograf sollte deshalb in der Lage sein, die Position zu bestimmen und bei der Suche nach einer geeigneten Location zu ber\u00fccksichtigen. Daneben gibt es einige weitere Punkte zu bedenken. Insbesondere, dass es leicht 4 bis 5 Stunden dauern\u2026","rel":"","context":"In &quot;Fotopraxis&quot;","block_context":{"text":"Fotopraxis","link":"https:\/\/fotogruppe-bredenbeck.de\/?cat=15"},"img":{"alt_text":"","src":"https:\/\/i0.wp.com\/fotogruppe-bredenbeck.de\/wp-content\/uploads\/2018\/11\/Sternenstrichspuren-bei-Polle-1-A.jpg?resize=350%2C200&ssl=1","width":350,"height":200,"srcset":"https:\/\/i0.wp.com\/fotogruppe-bredenbeck.de\/wp-content\/uploads\/2018\/11\/Sternenstrichspuren-bei-Polle-1-A.jpg?resize=350%2C200&ssl=1 1x, https:\/\/i0.wp.com\/fotogruppe-bredenbeck.de\/wp-content\/uploads\/2018\/11\/Sternenstrichspuren-bei-Polle-1-A.jpg?resize=525%2C300&ssl=1 1.5x, https:\/\/i0.wp.com\/fotogruppe-bredenbeck.de\/wp-content\/uploads\/2018\/11\/Sternenstrichspuren-bei-Polle-1-A.jpg?resize=700%2C400&ssl=1 2x, https:\/\/i0.wp.com\/fotogruppe-bredenbeck.de\/wp-content\/uploads\/2018\/11\/Sternenstrichspuren-bei-Polle-1-A.jpg?resize=1050%2C600&ssl=1 3x, https:\/\/i0.wp.com\/fotogruppe-bredenbeck.de\/wp-content\/uploads\/2018\/11\/Sternenstrichspuren-bei-Polle-1-A.jpg?resize=1400%2C800&ssl=1 4x"},"classes":[]},{"id":709,"url":"https:\/\/fotogruppe-bredenbeck.de\/?p=709","url_meta":{"origin":345,"position":3},"title":"Gefrorene Seifenblasen","author":"Dieter Grabitz","date":"16. M\u00e4rz 2018","format":false,"excerpt":"Seifenblasen, wenn sie in die Luft geblasen werden, sind sch\u00f6n zu fotografieren. Das Licht wird auf ihrer runden Oberfl\u00e4che in Regenbogenfarben wiedergegeben. Wetterabh\u00e4ngig und deshalb in unseren Breiten viel seltener und schwieriger ist es aber, Seifenblasen bei Frost zu fotografieren. Unter diesen Bedingungen ver\u00e4ndern die Seifenblasen ihre schimmernde Oberfl\u00e4che; nach\u2026","rel":"","context":"In &quot;Fotopraxis&quot;","block_context":{"text":"Fotopraxis","link":"https:\/\/fotogruppe-bredenbeck.de\/?cat=15"},"img":{"alt_text":"","src":"https:\/\/i0.wp.com\/fotogruppe-bredenbeck.de\/wp-content\/uploads\/2018\/03\/Seifenblase-gefroren-Gold-und-Wei%C3%9F-A.jpg?resize=350%2C200&ssl=1","width":350,"height":200,"srcset":"https:\/\/i0.wp.com\/fotogruppe-bredenbeck.de\/wp-content\/uploads\/2018\/03\/Seifenblase-gefroren-Gold-und-Wei%C3%9F-A.jpg?resize=350%2C200&ssl=1 1x, https:\/\/i0.wp.com\/fotogruppe-bredenbeck.de\/wp-content\/uploads\/2018\/03\/Seifenblase-gefroren-Gold-und-Wei%C3%9F-A.jpg?resize=525%2C300&ssl=1 1.5x, https:\/\/i0.wp.com\/fotogruppe-bredenbeck.de\/wp-content\/uploads\/2018\/03\/Seifenblase-gefroren-Gold-und-Wei%C3%9F-A.jpg?resize=700%2C400&ssl=1 2x, https:\/\/i0.wp.com\/fotogruppe-bredenbeck.de\/wp-content\/uploads\/2018\/03\/Seifenblase-gefroren-Gold-und-Wei%C3%9F-A.jpg?resize=1050%2C600&ssl=1 3x, https:\/\/i0.wp.com\/fotogruppe-bredenbeck.de\/wp-content\/uploads\/2018\/03\/Seifenblase-gefroren-Gold-und-Wei%C3%9F-A.jpg?resize=1400%2C800&ssl=1 4x"},"classes":[]},{"id":582,"url":"https:\/\/fotogruppe-bredenbeck.de\/?p=582","url_meta":{"origin":345,"position":4},"title":"Makrofotografie &#8211; Technik &#038; Tipps","author":"Dieter Grabitz","date":"15. November 2017","format":false,"excerpt":"Die Makrofotografie kann ungeahnte Einblicke er\u00f6ffnen, mit blo\u00dfem Auge nicht erkennbare Details auf den Sensor bannen. Spektakul\u00e4re Naturaufnahmen sind unter Einsatz von Lichtschranken und Blitzanlagen m\u00f6glich. Zun\u00e4chst ist es aber wichtig zu wissen, welche Hilfsmittel es gibt und welche grundlegenden Dinge zu beachten sind. Genau daf\u00fcr ist dieser Beitrag gedacht.\u2026","rel":"","context":"In &quot;Fotopraxis&quot;","block_context":{"text":"Fotopraxis","link":"https:\/\/fotogruppe-bredenbeck.de\/?cat=15"},"img":{"alt_text":"Pusteblume - Canon EOS 400, Sigma 50mm 2.8 DG MACRO, Blende 16, ISO 100, manuell fokussiert, Mehrfeldmessung","src":"https:\/\/i0.wp.com\/fotogruppe-bredenbeck.de\/wp-content\/uploads\/2017\/10\/Pusteblume.jpg?resize=350%2C200&ssl=1","width":350,"height":200,"srcset":"https:\/\/i0.wp.com\/fotogruppe-bredenbeck.de\/wp-content\/uploads\/2017\/10\/Pusteblume.jpg?resize=350%2C200&ssl=1 1x, https:\/\/i0.wp.com\/fotogruppe-bredenbeck.de\/wp-content\/uploads\/2017\/10\/Pusteblume.jpg?resize=525%2C300&ssl=1 1.5x, https:\/\/i0.wp.com\/fotogruppe-bredenbeck.de\/wp-content\/uploads\/2017\/10\/Pusteblume.jpg?resize=700%2C400&ssl=1 2x, https:\/\/i0.wp.com\/fotogruppe-bredenbeck.de\/wp-content\/uploads\/2017\/10\/Pusteblume.jpg?resize=1050%2C600&ssl=1 3x, https:\/\/i0.wp.com\/fotogruppe-bredenbeck.de\/wp-content\/uploads\/2017\/10\/Pusteblume.jpg?resize=1400%2C800&ssl=1 4x"},"classes":[]},{"id":624,"url":"https:\/\/fotogruppe-bredenbeck.de\/?p=624","url_meta":{"origin":345,"position":5},"title":"Focus Stacking in der Nah- und Makrofotografie","author":"Dieter Grabitz","date":"15. Dezember 2017","format":false,"excerpt":"\u00c4hnlich einer Belichtungsreihe f\u00fcr ein HDR-Foto, ist eine Reihe von Bildern erforderlich, um die bei der Makrofotografie bestehenden Einschr\u00e4nlungen zu umgehen. W\u00e4hrend bei HDR-Fotos verschiedene Blendeneinestellungen vorgenommen werden m\u00fcssen, ist bei Focus Stacking die fortlaufende \u00fcberlappende Fokussierung bei sonst unver\u00e4nderten Einstellungen erforderlich. Bei der anschlie\u00dfende Montage dieser Bilder mit geeigneter\u2026","rel":"","context":"In &quot;Fotopraxis&quot;","block_context":{"text":"Fotopraxis","link":"https:\/\/fotogruppe-bredenbeck.de\/?cat=15"},"img":{"alt_text":"Ges\u00e4ter Tintling","src":"https:\/\/i0.wp.com\/fotogruppe-bredenbeck.de\/wp-content\/uploads\/2017\/12\/Ges%C3%A4ter-Tintling-13B-breit-A.jpg?resize=350%2C200&ssl=1","width":350,"height":200,"srcset":"https:\/\/i0.wp.com\/fotogruppe-bredenbeck.de\/wp-content\/uploads\/2017\/12\/Ges%C3%A4ter-Tintling-13B-breit-A.jpg?resize=350%2C200&ssl=1 1x, https:\/\/i0.wp.com\/fotogruppe-bredenbeck.de\/wp-content\/uploads\/2017\/12\/Ges%C3%A4ter-Tintling-13B-breit-A.jpg?resize=525%2C300&ssl=1 1.5x, https:\/\/i0.wp.com\/fotogruppe-bredenbeck.de\/wp-content\/uploads\/2017\/12\/Ges%C3%A4ter-Tintling-13B-breit-A.jpg?resize=700%2C400&ssl=1 2x, https:\/\/i0.wp.com\/fotogruppe-bredenbeck.de\/wp-content\/uploads\/2017\/12\/Ges%C3%A4ter-Tintling-13B-breit-A.jpg?resize=1050%2C600&ssl=1 3x, https:\/\/i0.wp.com\/fotogruppe-bredenbeck.de\/wp-content\/uploads\/2017\/12\/Ges%C3%A4ter-Tintling-13B-breit-A.jpg?resize=1400%2C800&ssl=1 4x"},"classes":[]}],"jetpack_sharing_enabled":true,"_links":{"self":[{"href":"https:\/\/fotogruppe-bredenbeck.de\/index.php?rest_route=\/wp\/v2\/posts\/345","targetHints":{"allow":["GET"]}}],"collection":[{"href":"https:\/\/fotogruppe-bredenbeck.de\/index.php?rest_route=\/wp\/v2\/posts"}],"about":[{"href":"https:\/\/fotogruppe-bredenbeck.de\/index.php?rest_route=\/wp\/v2\/types\/post"}],"author":[{"embeddable":true,"href":"https:\/\/fotogruppe-bredenbeck.de\/index.php?rest_route=\/wp\/v2\/users\/3"}],"replies":[{"embeddable":true,"href":"https:\/\/fotogruppe-bredenbeck.de\/index.php?rest_route=%2Fwp%2Fv2%2Fcomments&post=345"}],"version-history":[{"count":0,"href":"https:\/\/fotogruppe-bredenbeck.de\/index.php?rest_route=\/wp\/v2\/posts\/345\/revisions"}],"wp:attachment":[{"href":"https:\/\/fotogruppe-bredenbeck.de\/index.php?rest_route=%2Fwp%2Fv2%2Fmedia&parent=345"}],"wp:term":[{"taxonomy":"category","embeddable":true,"href":"https:\/\/fotogruppe-bredenbeck.de\/index.php?rest_route=%2Fwp%2Fv2%2Fcategories&post=345"},{"taxonomy":"post_tag","embeddable":true,"href":"https:\/\/fotogruppe-bredenbeck.de\/index.php?rest_route=%2Fwp%2Fv2%2Ftags&post=345"}],"curies":[{"name":"wp","href":"https:\/\/api.w.org\/{rel}","templated":true}]}}